{"id":51829,"date":"2026-09-06T02:09:09","date_gmt":"2026-09-06T05:09:09","guid":{"rendered":"https:\/\/fmdelpueblo.ar\/?p=51829"},"modified":"2026-09-06T02:09:09","modified_gmt":"2026-09-06T05:09:09","slug":"cien-anos-de-molina-campos-el-dandy-porteno-que-se-convirtio-en-el-popular-artista-del-campo-y-los-unicos-dos-lugares-donde-esta-su-huella-en-la-ciudad","status":"publish","type":"post","link":"http:\/\/fmdelpueblo.ar\/?p=51829","title":{"rendered":"Cien a\u00f1os de Molina Campos: el dandy porte\u00f1o que se convirti\u00f3 en el popular artista del campo y los \u00fanicos dos lugares donde est\u00e1 su huella en la Ciudad"},"content":{"rendered":"<p>Se acaba de cumplir un centenario de la exposici\u00f3n en la Sociedad Rural que lanz\u00f3 su carrera. Con los almanaques de Alpargatas, lleg\u00f3 a todo el pa\u00eds. Hoy, sus personajes camperos est\u00e1n en una estaci\u00f3n de subte y lo recuerda un bar en la esquina donde naci\u00f3.<\/p>","protected":false},"excerpt":{"rendered":"<p>Se acaba de cumplir un centenario de la exposici\u00f3n en la Sociedad Rural que lanz\u00f3 su carrera. Con los almanaques de Alpargatas, lleg\u00f3 a todo el pa\u00eds. Hoy, sus personajes camperos est\u00e1n en una estaci\u00f3n de subte y lo recuerda un bar en la esquina donde naci\u00f3.<\/p>\n","protected":false},"author":0,"featured_media":0,"comment_status":"","ping_status":"","sticky":false,"template":"","format":"standard","meta":{"footnotes":""},"categories":[1],"tags":[],"class_list":["post-51829","post","type-post","status-publish","format-standard","has-post-thumbnail","hentry","category-sin-categoria"],"_links":{"self":[{"href":"http:\/\/fmdelpueblo.ar\/index.php?rest_route=\/wp\/v2\/posts\/51829","targetHints":{"allow":["GET"]}}],"collection":[{"href":"http:\/\/fmdelpueblo.ar\/index.php?rest_route=\/wp\/v2\/posts"}],"about":[{"href":"http:\/\/fmdelpueblo.ar\/index.php?rest_route=\/wp\/v2\/types\/post"}],"replies":[{"embeddable":true,"href":"http:\/\/fmdelpueblo.ar\/index.php?rest_route=%2Fwp%2Fv2%2Fcomments&post=51829"}],"version-history":[{"count":0,"href":"http:\/\/fmdelpueblo.ar\/index.php?rest_route=\/wp\/v2\/posts\/51829\/revisions"}],"wp:attachment":[{"href":"http:\/\/fmdelpueblo.ar\/index.php?rest_route=%2Fwp%2Fv2%2Fmedia&parent=51829"}],"wp:term":[{"taxonomy":"category","embeddable":true,"href":"http:\/\/fmdelpueblo.ar\/index.php?rest_route=%2Fwp%2Fv2%2Fcategories&post=51829"},{"taxonomy":"post_tag","embeddable":true,"href":"http:\/\/fmdelpueblo.ar\/index.php?rest_route=%2Fwp%2Fv2%2Ftags&post=51829"}],"curies":[{"name":"wp","href":"https:\/\/api.w.org\/{rel}","templated":true}]}}