{"id":51828,"date":"2026-09-06T02:09:09","date_gmt":"2026-09-06T05:09:09","guid":{"rendered":"https:\/\/fmdelpueblo.ar\/?p=51828"},"modified":"2026-09-06T02:09:09","modified_gmt":"2026-09-06T05:09:09","slug":"ejercito-israeli-ordena-evacuacion-de-habitantes-de-zona-del-sur-de-libano","status":"publish","type":"post","link":"http:\/\/fmdelpueblo.ar\/?p=51828","title":{"rendered":"Ej\u00e9rcito israel\u00ed ordena evacuaci\u00f3n de habitantes de zona del sur de L\u00edbano"},"content":{"rendered":"<p>Las fuerzas israel\u00edes han ordenado evacuar Arab Salim en L\u00edbano ante inminentes operaciones contra una facci\u00f3n respaldada por Ir\u00e1n.Hezbol\u00e1 lanz\u00f3 drones hacia tropas israel\u00edes, intensificando tensiones pese a la disminuci\u00f3n de enfrentamientos desde un acuerdo regional.<\/p>","protected":false},"excerpt":{"rendered":"<p>Las fuerzas israel\u00edes han ordenado evacuar Arab Salim en L\u00edbano ante inminentes operaciones contra una facci\u00f3n respaldada por Ir\u00e1n.Hezbol\u00e1 lanz\u00f3 drones hacia tropas israel\u00edes, intensificando tensiones pese a la disminuci\u00f3n de enfrentamientos desde un acuerdo regional.<\/p>\n","protected":false},"author":0,"featured_media":0,"comment_status":"","ping_status":"","sticky":false,"template":"","format":"standard","meta":{"footnotes":""},"categories":[1],"tags":[],"class_list":["post-51828","post","type-post","status-publish","format-standard","has-post-thumbnail","hentry","category-sin-categoria"],"_links":{"self":[{"href":"http:\/\/fmdelpueblo.ar\/index.php?rest_route=\/wp\/v2\/posts\/51828","targetHints":{"allow":["GET"]}}],"collection":[{"href":"http:\/\/fmdelpueblo.ar\/index.php?rest_route=\/wp\/v2\/posts"}],"about":[{"href":"http:\/\/fmdelpueblo.ar\/index.php?rest_route=\/wp\/v2\/types\/post"}],"replies":[{"embeddable":true,"href":"http:\/\/fmdelpueblo.ar\/index.php?rest_route=%2Fwp%2Fv2%2Fcomments&post=51828"}],"version-history":[{"count":0,"href":"http:\/\/fmdelpueblo.ar\/index.php?rest_route=\/wp\/v2\/posts\/51828\/revisions"}],"wp:attachment":[{"href":"http:\/\/fmdelpueblo.ar\/index.php?rest_route=%2Fwp%2Fv2%2Fmedia&parent=51828"}],"wp:term":[{"taxonomy":"category","embeddable":true,"href":"http:\/\/fmdelpueblo.ar\/index.php?rest_route=%2Fwp%2Fv2%2Fcategories&post=51828"},{"taxonomy":"post_tag","embeddable":true,"href":"http:\/\/fmdelpueblo.ar\/index.php?rest_route=%2Fwp%2Fv2%2Ftags&post=51828"}],"curies":[{"name":"wp","href":"https:\/\/api.w.org\/{rel}","templated":true}]}}