{"id":518,"date":"2021-10-30T23:19:39","date_gmt":"2021-10-30T23:19:39","guid":{"rendered":"https:\/\/fmdelpueblo.ar\/?p=518"},"modified":"2021-10-30T23:19:39","modified_gmt":"2021-10-30T23:19:39","slug":"video-esteban-bullrich-se-emociono-hasta-las-lagrimas-en-la-peregrinacion-para-pedir-por-su-salud","status":"publish","type":"post","link":"http:\/\/fmdelpueblo.ar\/?p=518","title":{"rendered":"Video: Esteban Bullrich se emocion\u00f3 hasta las l\u00e1grimas en la peregrinaci\u00f3n para pedir por su salud"},"content":{"rendered":"<\/p>\n<p>El senador lleg\u00f3 al santuario de la Virgen del Cerro, en Salta, donde decenas de fieles realizaron una cadena de oraci\u00f3n por la salud del legislador, que padece Esclerosis Lateral Amiotr\u00f3fica (ELA) y fue operado el pasado jueves. <a href=\"https:\/\/www.perfil.com\/noticias\/politica\/video-esteban-bullrich-emociono-lagrimas-peregrinacion-para-pedir-por-su-salud.phtml\">Leer m\u00e1s<\/a><\/p>\n","protected":false},"excerpt":{"rendered":"<p>El senador lleg\u00f3 al santuario de la Virgen del Cerro, en Salta, donde decenas de fieles realizaron una cadena de oraci\u00f3n por la salud del legislador, que padece Esclerosis Lateral Amiotr\u00f3fica (ELA) y fue operado el pasado jueves. Leer m\u00e1s<\/p>\n","protected":false},"author":0,"featured_media":0,"comment_status":"","ping_status":"","sticky":false,"template":"","format":"standard","meta":{"footnotes":""},"categories":[1],"tags":[],"class_list":["post-518","post","type-post","status-publish","format-standard","hentry","category-sin-categoria"],"_links":{"self":[{"href":"http:\/\/fmdelpueblo.ar\/index.php?rest_route=\/wp\/v2\/posts\/518","targetHints":{"allow":["GET"]}}],"collection":[{"href":"http:\/\/fmdelpueblo.ar\/index.php?rest_route=\/wp\/v2\/posts"}],"about":[{"href":"http:\/\/fmdelpueblo.ar\/index.php?rest_route=\/wp\/v2\/types\/post"}],"replies":[{"embeddable":true,"href":"http:\/\/fmdelpueblo.ar\/index.php?rest_route=%2Fwp%2Fv2%2Fcomments&post=518"}],"version-history":[{"count":0,"href":"http:\/\/fmdelpueblo.ar\/index.php?rest_route=\/wp\/v2\/posts\/518\/revisions"}],"wp:attachment":[{"href":"http:\/\/fmdelpueblo.ar\/index.php?rest_route=%2Fwp%2Fv2%2Fmedia&parent=518"}],"wp:term":[{"taxonomy":"category","embeddable":true,"href":"http:\/\/fmdelpueblo.ar\/index.php?rest_route=%2Fwp%2Fv2%2Fcategories&post=518"},{"taxonomy":"post_tag","embeddable":true,"href":"http:\/\/fmdelpueblo.ar\/index.php?rest_route=%2Fwp%2Fv2%2Ftags&post=518"}],"curies":[{"name":"wp","href":"https:\/\/api.w.org\/{rel}","templated":true}]}}