{"id":51796,"date":"2026-09-05T22:09:01","date_gmt":"2026-09-06T01:09:01","guid":{"rendered":"https:\/\/fmdelpueblo.ar\/?p=51796"},"modified":"2026-09-05T22:09:01","modified_gmt":"2026-09-06T01:09:01","slug":"se-estima-que-las-mujeres-nacidas-en-este-lugar-en-1896-median-en-promedio-unos-142-centimetros-las-nacidas-100-anos-mas-tarde-median-en-promedio-unos-162-centimetros-ninguna-otra-poblacion-femenina","status":"publish","type":"post","link":"http:\/\/fmdelpueblo.ar\/?p=51796","title":{"rendered":"Se estima que las mujeres nacidas en este lugar en 1896 med\u00edan en promedio unos 142 cent\u00edmetros. Las nacidas 100 a\u00f1os m\u00e1s tarde med\u00edan en promedio unos 162 cent\u00edmetros: ninguna otra poblaci\u00f3n femenina experiment\u00f3 un aumento mayor en todo el siglo XX"},"content":{"rendered":"<p>En los a\u00f1os 90, el pa\u00eds experiment\u00f3 un r\u00e1pido desarrollo econ\u00f3mico.<\/p>\n<p><\/p>","protected":false},"excerpt":{"rendered":"<p>En los a\u00f1os 90, el pa\u00eds experiment\u00f3 un r\u00e1pido desarrollo econ\u00f3mico.<\/p>\n","protected":false},"author":0,"featured_media":0,"comment_status":"","ping_status":"","sticky":false,"template":"","format":"standard","meta":{"footnotes":""},"categories":[1],"tags":[],"class_list":["post-51796","post","type-post","status-publish","format-standard","has-post-thumbnail","hentry","category-sin-categoria"],"_links":{"self":[{"href":"http:\/\/fmdelpueblo.ar\/index.php?rest_route=\/wp\/v2\/posts\/51796","targetHints":{"allow":["GET"]}}],"collection":[{"href":"http:\/\/fmdelpueblo.ar\/index.php?rest_route=\/wp\/v2\/posts"}],"about":[{"href":"http:\/\/fmdelpueblo.ar\/index.php?rest_route=\/wp\/v2\/types\/post"}],"replies":[{"embeddable":true,"href":"http:\/\/fmdelpueblo.ar\/index.php?rest_route=%2Fwp%2Fv2%2Fcomments&post=51796"}],"version-history":[{"count":0,"href":"http:\/\/fmdelpueblo.ar\/index.php?rest_route=\/wp\/v2\/posts\/51796\/revisions"}],"wp:attachment":[{"href":"http:\/\/fmdelpueblo.ar\/index.php?rest_route=%2Fwp%2Fv2%2Fmedia&parent=51796"}],"wp:term":[{"taxonomy":"category","embeddable":true,"href":"http:\/\/fmdelpueblo.ar\/index.php?rest_route=%2Fwp%2Fv2%2Fcategories&post=51796"},{"taxonomy":"post_tag","embeddable":true,"href":"http:\/\/fmdelpueblo.ar\/index.php?rest_route=%2Fwp%2Fv2%2Ftags&post=51796"}],"curies":[{"name":"wp","href":"https:\/\/api.w.org\/{rel}","templated":true}]}}