{"id":51795,"date":"2026-09-05T22:09:00","date_gmt":"2026-09-06T01:09:00","guid":{"rendered":"https:\/\/fmdelpueblo.ar\/?p=51795"},"modified":"2026-09-05T22:09:00","modified_gmt":"2026-09-06T01:09:00","slug":"un-ave-que-fue-victima-de-un-presunto-atropello-regreso-a-la-naturaleza-luego-de-recibir-cuidados-especializados","status":"publish","type":"post","link":"http:\/\/fmdelpueblo.ar\/?p=51795","title":{"rendered":"Un ave que fue v\u00edctima de un presunto atropello regres\u00f3 a la naturaleza luego de recibir cuidados especializados"},"content":{"rendered":"<p>Un animal silvestre fue rescatado, rehabilitado y liberado en su h\u00e1bitat natural. Sucedi\u00f3 en Sud\u00e1frica. <\/p>","protected":false},"excerpt":{"rendered":"<p>Un animal silvestre fue rescatado, rehabilitado y liberado en su h\u00e1bitat natural. Sucedi\u00f3 en Sud\u00e1frica.<\/p>\n","protected":false},"author":0,"featured_media":0,"comment_status":"","ping_status":"","sticky":false,"template":"","format":"standard","meta":{"footnotes":""},"categories":[1],"tags":[],"class_list":["post-51795","post","type-post","status-publish","format-standard","has-post-thumbnail","hentry","category-sin-categoria"],"_links":{"self":[{"href":"http:\/\/fmdelpueblo.ar\/index.php?rest_route=\/wp\/v2\/posts\/51795","targetHints":{"allow":["GET"]}}],"collection":[{"href":"http:\/\/fmdelpueblo.ar\/index.php?rest_route=\/wp\/v2\/posts"}],"about":[{"href":"http:\/\/fmdelpueblo.ar\/index.php?rest_route=\/wp\/v2\/types\/post"}],"replies":[{"embeddable":true,"href":"http:\/\/fmdelpueblo.ar\/index.php?rest_route=%2Fwp%2Fv2%2Fcomments&post=51795"}],"version-history":[{"count":0,"href":"http:\/\/fmdelpueblo.ar\/index.php?rest_route=\/wp\/v2\/posts\/51795\/revisions"}],"wp:attachment":[{"href":"http:\/\/fmdelpueblo.ar\/index.php?rest_route=%2Fwp%2Fv2%2Fmedia&parent=51795"}],"wp:term":[{"taxonomy":"category","embeddable":true,"href":"http:\/\/fmdelpueblo.ar\/index.php?rest_route=%2Fwp%2Fv2%2Fcategories&post=51795"},{"taxonomy":"post_tag","embeddable":true,"href":"http:\/\/fmdelpueblo.ar\/index.php?rest_route=%2Fwp%2Fv2%2Ftags&post=51795"}],"curies":[{"name":"wp","href":"https:\/\/api.w.org\/{rel}","templated":true}]}}