{"id":51792,"date":"2026-09-05T22:08:58","date_gmt":"2026-09-06T01:08:58","guid":{"rendered":"https:\/\/fmdelpueblo.ar\/?p=51792"},"modified":"2026-09-05T22:08:58","modified_gmt":"2026-09-06T01:08:58","slug":"tragedia-del-helicoptero-en-san-juan-hubo-dos-choques-contra-las-rocas-antes-de-la-caida-final","status":"publish","type":"post","link":"http:\/\/fmdelpueblo.ar\/?p=51792","title":{"rendered":"Tragedia del helic\u00f3ptero en San Juan: hubo dos choques contra las rocas antes de la ca\u00edda final"},"content":{"rendered":"<p>La aeronave cay\u00f3 el 29 de julio y provoc\u00f3 la muerte de sus siete tripulantes.El vuelo trasladaba personal del Plan Nacional de Manejo del Fuego.<\/p>","protected":false},"excerpt":{"rendered":"<p>La aeronave cay\u00f3 el 29 de julio y provoc\u00f3 la muerte de sus siete tripulantes.El vuelo trasladaba personal del Plan Nacional de Manejo del Fuego.<\/p>\n","protected":false},"author":0,"featured_media":0,"comment_status":"","ping_status":"","sticky":false,"template":"","format":"standard","meta":{"footnotes":""},"categories":[1],"tags":[],"class_list":["post-51792","post","type-post","status-publish","format-standard","has-post-thumbnail","hentry","category-sin-categoria"],"_links":{"self":[{"href":"http:\/\/fmdelpueblo.ar\/index.php?rest_route=\/wp\/v2\/posts\/51792","targetHints":{"allow":["GET"]}}],"collection":[{"href":"http:\/\/fmdelpueblo.ar\/index.php?rest_route=\/wp\/v2\/posts"}],"about":[{"href":"http:\/\/fmdelpueblo.ar\/index.php?rest_route=\/wp\/v2\/types\/post"}],"replies":[{"embeddable":true,"href":"http:\/\/fmdelpueblo.ar\/index.php?rest_route=%2Fwp%2Fv2%2Fcomments&post=51792"}],"version-history":[{"count":0,"href":"http:\/\/fmdelpueblo.ar\/index.php?rest_route=\/wp\/v2\/posts\/51792\/revisions"}],"wp:attachment":[{"href":"http:\/\/fmdelpueblo.ar\/index.php?rest_route=%2Fwp%2Fv2%2Fmedia&parent=51792"}],"wp:term":[{"taxonomy":"category","embeddable":true,"href":"http:\/\/fmdelpueblo.ar\/index.php?rest_route=%2Fwp%2Fv2%2Fcategories&post=51792"},{"taxonomy":"post_tag","embeddable":true,"href":"http:\/\/fmdelpueblo.ar\/index.php?rest_route=%2Fwp%2Fv2%2Ftags&post=51792"}],"curies":[{"name":"wp","href":"https:\/\/api.w.org\/{rel}","templated":true}]}}