{"id":51781,"date":"2026-09-05T20:09:03","date_gmt":"2026-09-05T23:09:03","guid":{"rendered":"http:\/\/fmdelpueblo.ar\/?p=51781"},"modified":"2026-09-05T20:09:03","modified_gmt":"2026-09-05T23:09:03","slug":"la-fuerte-indirecta-de-la-joaqui-a-un-mes-de-confirmar-la-separacion-con-luck-ra-no-tuve-un-vinculo-en-el-que-no-me-hayan-enganado","status":"publish","type":"post","link":"http:\/\/fmdelpueblo.ar\/?p=51781","title":{"rendered":"La fuerte indirecta de La Joaqui, a un mes de confirmar la separaci\u00f3n con Luck Ra: \u00abNo tuve un v\u00ednculo en el que no me hayan enga\u00f1ado\u00bb"},"content":{"rendered":"<p>La referente del RKT reflexion\u00f3 sobre su historial sentimental y asegur\u00f3 que todas sus parejas la traicionaron. Tambi\u00e9n cuestion\u00f3 los prejuicios en torno a su vida personal por la m\u00fasica que hace.<\/p>","protected":false},"excerpt":{"rendered":"<p>La referente del RKT reflexion\u00f3 sobre su historial sentimental y asegur\u00f3 que todas sus parejas la traicionaron. Tambi\u00e9n cuestion\u00f3 los prejuicios en torno a su vida personal por la m\u00fasica que hace.<\/p>\n","protected":false},"author":0,"featured_media":0,"comment_status":"","ping_status":"","sticky":false,"template":"","format":"standard","meta":{"footnotes":""},"categories":[1],"tags":[],"class_list":["post-51781","post","type-post","status-publish","format-standard","has-post-thumbnail","hentry","category-sin-categoria"],"_links":{"self":[{"href":"http:\/\/fmdelpueblo.ar\/index.php?rest_route=\/wp\/v2\/posts\/51781","targetHints":{"allow":["GET"]}}],"collection":[{"href":"http:\/\/fmdelpueblo.ar\/index.php?rest_route=\/wp\/v2\/posts"}],"about":[{"href":"http:\/\/fmdelpueblo.ar\/index.php?rest_route=\/wp\/v2\/types\/post"}],"replies":[{"embeddable":true,"href":"http:\/\/fmdelpueblo.ar\/index.php?rest_route=%2Fwp%2Fv2%2Fcomments&post=51781"}],"version-history":[{"count":0,"href":"http:\/\/fmdelpueblo.ar\/index.php?rest_route=\/wp\/v2\/posts\/51781\/revisions"}],"wp:attachment":[{"href":"http:\/\/fmdelpueblo.ar\/index.php?rest_route=%2Fwp%2Fv2%2Fmedia&parent=51781"}],"wp:term":[{"taxonomy":"category","embeddable":true,"href":"http:\/\/fmdelpueblo.ar\/index.php?rest_route=%2Fwp%2Fv2%2Fcategories&post=51781"},{"taxonomy":"post_tag","embeddable":true,"href":"http:\/\/fmdelpueblo.ar\/index.php?rest_route=%2Fwp%2Fv2%2Ftags&post=51781"}],"curies":[{"name":"wp","href":"https:\/\/api.w.org\/{rel}","templated":true}]}}