{"id":51780,"date":"2026-09-05T20:09:03","date_gmt":"2026-09-05T23:09:03","guid":{"rendered":"http:\/\/fmdelpueblo.ar\/?p=51780"},"modified":"2026-09-05T20:09:03","modified_gmt":"2026-09-05T23:09:03","slug":"por-que-no-me-despertaron-benjamin-netanyahu-acusa-a-sus-custodios-por-no-informarlo-de-los-ataques-de-octubre-de-2023","status":"publish","type":"post","link":"http:\/\/fmdelpueblo.ar\/?p=51780","title":{"rendered":"\u00ab\u00bfPor qu\u00e9 no me despertaron?\u00bb: Benjamin Netanyahu acusa a sus custodios por no informarlo de los ataques de octubre de 2023"},"content":{"rendered":"<p>El primer ministro de Israel dijo que no se le avis\u00f3 en el momento del in\u00e9dito asalto comando de Hamas. Su esposa, a la vez, insinu\u00f3 una traici\u00f3n de los servicios de seguridad. Pol\u00e9mica y acusaciones de la oposici\u00f3n. \u00bfTeor\u00eda conspirativa o campa\u00f1a electoral?<\/p>","protected":false},"excerpt":{"rendered":"<p>El primer ministro de Israel dijo que no se le avis\u00f3 en el momento del in\u00e9dito asalto comando de Hamas. Su esposa, a la vez, insinu\u00f3 una traici\u00f3n de los servicios de seguridad. Pol\u00e9mica y acusaciones de la oposici\u00f3n. \u00bfTeor\u00eda conspirativa o campa\u00f1a electoral?<\/p>\n","protected":false},"author":0,"featured_media":0,"comment_status":"","ping_status":"","sticky":false,"template":"","format":"standard","meta":{"footnotes":""},"categories":[1],"tags":[],"class_list":["post-51780","post","type-post","status-publish","format-standard","has-post-thumbnail","hentry","category-sin-categoria"],"_links":{"self":[{"href":"http:\/\/fmdelpueblo.ar\/index.php?rest_route=\/wp\/v2\/posts\/51780","targetHints":{"allow":["GET"]}}],"collection":[{"href":"http:\/\/fmdelpueblo.ar\/index.php?rest_route=\/wp\/v2\/posts"}],"about":[{"href":"http:\/\/fmdelpueblo.ar\/index.php?rest_route=\/wp\/v2\/types\/post"}],"replies":[{"embeddable":true,"href":"http:\/\/fmdelpueblo.ar\/index.php?rest_route=%2Fwp%2Fv2%2Fcomments&post=51780"}],"version-history":[{"count":0,"href":"http:\/\/fmdelpueblo.ar\/index.php?rest_route=\/wp\/v2\/posts\/51780\/revisions"}],"wp:attachment":[{"href":"http:\/\/fmdelpueblo.ar\/index.php?rest_route=%2Fwp%2Fv2%2Fmedia&parent=51780"}],"wp:term":[{"taxonomy":"category","embeddable":true,"href":"http:\/\/fmdelpueblo.ar\/index.php?rest_route=%2Fwp%2Fv2%2Fcategories&post=51780"},{"taxonomy":"post_tag","embeddable":true,"href":"http:\/\/fmdelpueblo.ar\/index.php?rest_route=%2Fwp%2Fv2%2Ftags&post=51780"}],"curies":[{"name":"wp","href":"https:\/\/api.w.org\/{rel}","templated":true}]}}