{"id":51757,"date":"2026-09-05T17:09:13","date_gmt":"2026-09-05T20:09:13","guid":{"rendered":"https:\/\/fmdelpueblo.ar\/?p=51757"},"modified":"2026-09-05T17:09:13","modified_gmt":"2026-09-05T20:09:13","slug":"el-padre-de-camila-homs-defendio-a-alejandro-stoessel-en-medio-del-conflicto-con-tini-quiso-protegerla","status":"publish","type":"post","link":"http:\/\/fmdelpueblo.ar\/?p=51757","title":{"rendered":"El padre de Camila Homs defendi\u00f3 a Alejandro Stoessel en medio del conflicto con Tini: \u00abQuiso protegerla\u00bb"},"content":{"rendered":"<p>Horacio Homs tom\u00f3 postura al involucrarse en la interna familiar de la cantante.Tambi\u00e9n cuestion\u00f3 a los periodistas que se acercaron a la casa del productor en medio del esc\u00e1ndalo.<\/p>","protected":false},"excerpt":{"rendered":"<p>Horacio Homs tom\u00f3 postura al involucrarse en la interna familiar de la cantante.Tambi\u00e9n cuestion\u00f3 a los periodistas que se acercaron a la casa del productor en medio del esc\u00e1ndalo.<\/p>\n","protected":false},"author":0,"featured_media":0,"comment_status":"","ping_status":"","sticky":false,"template":"","format":"standard","meta":{"footnotes":""},"categories":[1],"tags":[],"class_list":["post-51757","post","type-post","status-publish","format-standard","has-post-thumbnail","hentry","category-sin-categoria"],"_links":{"self":[{"href":"http:\/\/fmdelpueblo.ar\/index.php?rest_route=\/wp\/v2\/posts\/51757","targetHints":{"allow":["GET"]}}],"collection":[{"href":"http:\/\/fmdelpueblo.ar\/index.php?rest_route=\/wp\/v2\/posts"}],"about":[{"href":"http:\/\/fmdelpueblo.ar\/index.php?rest_route=\/wp\/v2\/types\/post"}],"replies":[{"embeddable":true,"href":"http:\/\/fmdelpueblo.ar\/index.php?rest_route=%2Fwp%2Fv2%2Fcomments&post=51757"}],"version-history":[{"count":0,"href":"http:\/\/fmdelpueblo.ar\/index.php?rest_route=\/wp\/v2\/posts\/51757\/revisions"}],"wp:attachment":[{"href":"http:\/\/fmdelpueblo.ar\/index.php?rest_route=%2Fwp%2Fv2%2Fmedia&parent=51757"}],"wp:term":[{"taxonomy":"category","embeddable":true,"href":"http:\/\/fmdelpueblo.ar\/index.php?rest_route=%2Fwp%2Fv2%2Fcategories&post=51757"},{"taxonomy":"post_tag","embeddable":true,"href":"http:\/\/fmdelpueblo.ar\/index.php?rest_route=%2Fwp%2Fv2%2Ftags&post=51757"}],"curies":[{"name":"wp","href":"https:\/\/api.w.org\/{rel}","templated":true}]}}