{"id":51752,"date":"2026-09-05T17:09:10","date_gmt":"2026-09-05T20:09:10","guid":{"rendered":"https:\/\/fmdelpueblo.ar\/?p=51752"},"modified":"2026-09-05T17:09:10","modified_gmt":"2026-09-05T20:09:10","slug":"riquelme-hablo-del-reclamo-de-velez-y-marco-la-postura-de-boca-los-partidos-se-ganan-dentro-de-la-cancha","status":"publish","type":"post","link":"http:\/\/fmdelpueblo.ar\/?p=51752","title":{"rendered":"Riquelme habl\u00f3 del reclamo de V\u00e9lez y marc\u00f3 la postura de Boca: \u00abLos partidos se ganan dentro de la cancha\u00bb"},"content":{"rendered":"<p>El presidente se refiri\u00f3 a la pol\u00e9mica por la inclusi\u00f3n de seis extranjeros en la Copa Argentina.Los de Liniers hicieron una presentaci\u00f3n en la AFA para pedir que les den la clasificaci\u00f3n.\u00bbBoca gan\u00f3 merecidamente\u00bb, se\u00f1al\u00f3 en la previa del duelo con Gimnasia en Mendoza.<\/p>","protected":false},"excerpt":{"rendered":"<p>El presidente se refiri\u00f3 a la pol\u00e9mica por la inclusi\u00f3n de seis extranjeros en la Copa Argentina.Los de Liniers hicieron una presentaci\u00f3n en la AFA para pedir que les den la clasificaci\u00f3n.\u00bbBoca gan\u00f3 merecidamente\u00bb, se\u00f1al\u00f3 en la previa del duelo con Gimnasia en Mendoza.<\/p>\n","protected":false},"author":0,"featured_media":0,"comment_status":"","ping_status":"","sticky":false,"template":"","format":"standard","meta":{"footnotes":""},"categories":[1],"tags":[],"class_list":["post-51752","post","type-post","status-publish","format-standard","has-post-thumbnail","hentry","category-sin-categoria"],"_links":{"self":[{"href":"http:\/\/fmdelpueblo.ar\/index.php?rest_route=\/wp\/v2\/posts\/51752","targetHints":{"allow":["GET"]}}],"collection":[{"href":"http:\/\/fmdelpueblo.ar\/index.php?rest_route=\/wp\/v2\/posts"}],"about":[{"href":"http:\/\/fmdelpueblo.ar\/index.php?rest_route=\/wp\/v2\/types\/post"}],"replies":[{"embeddable":true,"href":"http:\/\/fmdelpueblo.ar\/index.php?rest_route=%2Fwp%2Fv2%2Fcomments&post=51752"}],"version-history":[{"count":0,"href":"http:\/\/fmdelpueblo.ar\/index.php?rest_route=\/wp\/v2\/posts\/51752\/revisions"}],"wp:attachment":[{"href":"http:\/\/fmdelpueblo.ar\/index.php?rest_route=%2Fwp%2Fv2%2Fmedia&parent=51752"}],"wp:term":[{"taxonomy":"category","embeddable":true,"href":"http:\/\/fmdelpueblo.ar\/index.php?rest_route=%2Fwp%2Fv2%2Fcategories&post=51752"},{"taxonomy":"post_tag","embeddable":true,"href":"http:\/\/fmdelpueblo.ar\/index.php?rest_route=%2Fwp%2Fv2%2Ftags&post=51752"}],"curies":[{"name":"wp","href":"https:\/\/api.w.org\/{rel}","templated":true}]}}