{"id":51749,"date":"2026-09-05T16:08:59","date_gmt":"2026-09-05T19:08:59","guid":{"rendered":"http:\/\/fmdelpueblo.ar\/?p=51749"},"modified":"2026-09-05T16:08:59","modified_gmt":"2026-09-05T19:08:59","slug":"putin-y-zelenski-acuerdan-una-pausa-en-los-ataques-contra-kiev-y-moscu-durante-la-visita-de-los-enviados-de-estados-unidos","status":"publish","type":"post","link":"http:\/\/fmdelpueblo.ar\/?p=51749","title":{"rendered":"Putin y Zelenski acuerdan una  pausa en los ataques contra Kiev y Mosc\u00fa durante la visita de los enviados de Estados Unidos"},"content":{"rendered":"<p>Ser\u00e1 por 72 horas, desde este s\u00e1bado. El presidente de Rusia recibe este s\u00e1bado a Steve Witkoff y Jared Kushner.  El domingo los asesores de Donald Trump estar\u00e1n en la capital de Ucrania. Buscan reavivar las estancadas negociaciones de paz.<\/p>","protected":false},"excerpt":{"rendered":"<p>Ser\u00e1 por 72 horas, desde este s\u00e1bado. El presidente de Rusia recibe este s\u00e1bado a Steve Witkoff y Jared Kushner. El domingo los asesores de Donald Trump estar\u00e1n en la capital de Ucrania. Buscan reavivar las estancadas negociaciones de paz.<\/p>\n","protected":false},"author":0,"featured_media":0,"comment_status":"","ping_status":"","sticky":false,"template":"","format":"standard","meta":{"footnotes":""},"categories":[1],"tags":[],"class_list":["post-51749","post","type-post","status-publish","format-standard","has-post-thumbnail","hentry","category-sin-categoria"],"_links":{"self":[{"href":"http:\/\/fmdelpueblo.ar\/index.php?rest_route=\/wp\/v2\/posts\/51749","targetHints":{"allow":["GET"]}}],"collection":[{"href":"http:\/\/fmdelpueblo.ar\/index.php?rest_route=\/wp\/v2\/posts"}],"about":[{"href":"http:\/\/fmdelpueblo.ar\/index.php?rest_route=\/wp\/v2\/types\/post"}],"replies":[{"embeddable":true,"href":"http:\/\/fmdelpueblo.ar\/index.php?rest_route=%2Fwp%2Fv2%2Fcomments&post=51749"}],"version-history":[{"count":0,"href":"http:\/\/fmdelpueblo.ar\/index.php?rest_route=\/wp\/v2\/posts\/51749\/revisions"}],"wp:attachment":[{"href":"http:\/\/fmdelpueblo.ar\/index.php?rest_route=%2Fwp%2Fv2%2Fmedia&parent=51749"}],"wp:term":[{"taxonomy":"category","embeddable":true,"href":"http:\/\/fmdelpueblo.ar\/index.php?rest_route=%2Fwp%2Fv2%2Fcategories&post=51749"},{"taxonomy":"post_tag","embeddable":true,"href":"http:\/\/fmdelpueblo.ar\/index.php?rest_route=%2Fwp%2Fv2%2Ftags&post=51749"}],"curies":[{"name":"wp","href":"https:\/\/api.w.org\/{rel}","templated":true}]}}