{"id":51747,"date":"2026-09-05T16:08:58","date_gmt":"2026-09-05T19:08:58","guid":{"rendered":"http:\/\/fmdelpueblo.ar\/?p=51747"},"modified":"2026-09-05T16:08:58","modified_gmt":"2026-09-05T19:08:58","slug":"miss-mundo-la-candidata-argentina-sorprendio-a-todos-en-la-final-vestida-de-messi","status":"publish","type":"post","link":"http:\/\/fmdelpueblo.ar\/?p=51747","title":{"rendered":"Miss Mundo: la candidata argentina sorprendi\u00f3 a todos en la final vestida de Messi"},"content":{"rendered":"<p>Alina Akselrad, quien representaba al pa\u00eds en el certamen de belleza, sali\u00f3 a competir en la definici\u00f3n con un atuendo con distintas im\u00e1genes de La Pulga.Qued\u00f3 entre las 20 mujeres m\u00e1s hermosas del planeta. El t\u00edtulo fue para la competidora de Rep\u00fablica Dominicana<\/p>","protected":false},"excerpt":{"rendered":"<p>Alina Akselrad, quien representaba al pa\u00eds en el certamen de belleza, sali\u00f3 a competir en la definici\u00f3n con un atuendo con distintas im\u00e1genes de La Pulga.Qued\u00f3 entre las 20 mujeres m\u00e1s hermosas del planeta. El t\u00edtulo fue para la competidora de Rep\u00fablica Dominicana<\/p>\n","protected":false},"author":0,"featured_media":0,"comment_status":"","ping_status":"","sticky":false,"template":"","format":"standard","meta":{"footnotes":""},"categories":[1],"tags":[],"class_list":["post-51747","post","type-post","status-publish","format-standard","has-post-thumbnail","hentry","category-sin-categoria"],"_links":{"self":[{"href":"http:\/\/fmdelpueblo.ar\/index.php?rest_route=\/wp\/v2\/posts\/51747","targetHints":{"allow":["GET"]}}],"collection":[{"href":"http:\/\/fmdelpueblo.ar\/index.php?rest_route=\/wp\/v2\/posts"}],"about":[{"href":"http:\/\/fmdelpueblo.ar\/index.php?rest_route=\/wp\/v2\/types\/post"}],"replies":[{"embeddable":true,"href":"http:\/\/fmdelpueblo.ar\/index.php?rest_route=%2Fwp%2Fv2%2Fcomments&post=51747"}],"version-history":[{"count":0,"href":"http:\/\/fmdelpueblo.ar\/index.php?rest_route=\/wp\/v2\/posts\/51747\/revisions"}],"wp:attachment":[{"href":"http:\/\/fmdelpueblo.ar\/index.php?rest_route=%2Fwp%2Fv2%2Fmedia&parent=51747"}],"wp:term":[{"taxonomy":"category","embeddable":true,"href":"http:\/\/fmdelpueblo.ar\/index.php?rest_route=%2Fwp%2Fv2%2Fcategories&post=51747"},{"taxonomy":"post_tag","embeddable":true,"href":"http:\/\/fmdelpueblo.ar\/index.php?rest_route=%2Fwp%2Fv2%2Ftags&post=51747"}],"curies":[{"name":"wp","href":"https:\/\/api.w.org\/{rel}","templated":true}]}}