{"id":51746,"date":"2026-09-05T16:08:58","date_gmt":"2026-09-05T19:08:58","guid":{"rendered":"http:\/\/fmdelpueblo.ar\/?p=51746"},"modified":"2026-09-05T16:08:58","modified_gmt":"2026-09-05T19:08:58","slug":"murio-ricardo-oveja-stec-historico-percusionista-de-los-palmeras-a-los-66-anos","status":"publish","type":"post","link":"http:\/\/fmdelpueblo.ar\/?p=51746","title":{"rendered":"Muri\u00f3 Ricardo \u201cOveja\u201d Stec, hist\u00f3rico percusionista de Los Palmeras, a los 66 a\u00f1os"},"content":{"rendered":"<p>El m\u00fasico santafesino ten\u00eda una extensa trayectoria y fue parte de la agrupaci\u00f3n entre 1988 y 1992. Particip\u00f3 en cinco discos durante su paso por una de las bandas m\u00e1s emblem\u00e1ticas de la cumbia.<\/p>","protected":false},"excerpt":{"rendered":"<p>El m\u00fasico santafesino ten\u00eda una extensa trayectoria y fue parte de la agrupaci\u00f3n entre 1988 y 1992. Particip\u00f3 en cinco discos durante su paso por una de las bandas m\u00e1s emblem\u00e1ticas de la cumbia.<\/p>\n","protected":false},"author":0,"featured_media":0,"comment_status":"","ping_status":"","sticky":false,"template":"","format":"standard","meta":{"footnotes":""},"categories":[1],"tags":[],"class_list":["post-51746","post","type-post","status-publish","format-standard","has-post-thumbnail","hentry","category-sin-categoria"],"_links":{"self":[{"href":"http:\/\/fmdelpueblo.ar\/index.php?rest_route=\/wp\/v2\/posts\/51746","targetHints":{"allow":["GET"]}}],"collection":[{"href":"http:\/\/fmdelpueblo.ar\/index.php?rest_route=\/wp\/v2\/posts"}],"about":[{"href":"http:\/\/fmdelpueblo.ar\/index.php?rest_route=\/wp\/v2\/types\/post"}],"replies":[{"embeddable":true,"href":"http:\/\/fmdelpueblo.ar\/index.php?rest_route=%2Fwp%2Fv2%2Fcomments&post=51746"}],"version-history":[{"count":0,"href":"http:\/\/fmdelpueblo.ar\/index.php?rest_route=\/wp\/v2\/posts\/51746\/revisions"}],"wp:attachment":[{"href":"http:\/\/fmdelpueblo.ar\/index.php?rest_route=%2Fwp%2Fv2%2Fmedia&parent=51746"}],"wp:term":[{"taxonomy":"category","embeddable":true,"href":"http:\/\/fmdelpueblo.ar\/index.php?rest_route=%2Fwp%2Fv2%2Fcategories&post=51746"},{"taxonomy":"post_tag","embeddable":true,"href":"http:\/\/fmdelpueblo.ar\/index.php?rest_route=%2Fwp%2Fv2%2Ftags&post=51746"}],"curies":[{"name":"wp","href":"https:\/\/api.w.org\/{rel}","templated":true}]}}