{"id":51738,"date":"2026-09-05T15:09:07","date_gmt":"2026-09-05T18:09:07","guid":{"rendered":"http:\/\/fmdelpueblo.ar\/?p=51738"},"modified":"2026-09-05T15:09:07","modified_gmt":"2026-09-05T18:09:07","slug":"embajador-de-eeuu-llama-terroristas-a-colonos-israelies-violentos-tras-disturbios-en-cisjordania","status":"publish","type":"post","link":"http:\/\/fmdelpueblo.ar\/?p=51738","title":{"rendered":"Embajador de EEUU llama \u201cterroristas\u201d a colonos israel\u00edes violentos tras disturbios en Cisjordania"},"content":{"rendered":"<p>El embajador de EE.UU. en Israel conden\u00f3 la violencia de colonos en Cisjordania, calific\u00e1ndola como \u00abterrorismo\u00bb en una visita a Turmus Ayya. La ONU reporta un aumento de ataques desde la guerra en Gaza, destacando la gravedad de la situaci\u00f3n en la regi\u00f3n.<\/p>","protected":false},"excerpt":{"rendered":"<p>El embajador de EE.UU. en Israel conden\u00f3 la violencia de colonos en Cisjordania, calific\u00e1ndola como \u00abterrorismo\u00bb en una visita a Turmus Ayya. La ONU reporta un aumento de ataques desde la guerra en Gaza, destacando la gravedad de la situaci\u00f3n en la regi\u00f3n.<\/p>\n","protected":false},"author":0,"featured_media":0,"comment_status":"","ping_status":"","sticky":false,"template":"","format":"standard","meta":{"footnotes":""},"categories":[1],"tags":[],"class_list":["post-51738","post","type-post","status-publish","format-standard","has-post-thumbnail","hentry","category-sin-categoria"],"_links":{"self":[{"href":"http:\/\/fmdelpueblo.ar\/index.php?rest_route=\/wp\/v2\/posts\/51738","targetHints":{"allow":["GET"]}}],"collection":[{"href":"http:\/\/fmdelpueblo.ar\/index.php?rest_route=\/wp\/v2\/posts"}],"about":[{"href":"http:\/\/fmdelpueblo.ar\/index.php?rest_route=\/wp\/v2\/types\/post"}],"replies":[{"embeddable":true,"href":"http:\/\/fmdelpueblo.ar\/index.php?rest_route=%2Fwp%2Fv2%2Fcomments&post=51738"}],"version-history":[{"count":0,"href":"http:\/\/fmdelpueblo.ar\/index.php?rest_route=\/wp\/v2\/posts\/51738\/revisions"}],"wp:attachment":[{"href":"http:\/\/fmdelpueblo.ar\/index.php?rest_route=%2Fwp%2Fv2%2Fmedia&parent=51738"}],"wp:term":[{"taxonomy":"category","embeddable":true,"href":"http:\/\/fmdelpueblo.ar\/index.php?rest_route=%2Fwp%2Fv2%2Fcategories&post=51738"},{"taxonomy":"post_tag","embeddable":true,"href":"http:\/\/fmdelpueblo.ar\/index.php?rest_route=%2Fwp%2Fv2%2Ftags&post=51738"}],"curies":[{"name":"wp","href":"https:\/\/api.w.org\/{rel}","templated":true}]}}