{"id":51736,"date":"2026-09-05T15:09:06","date_gmt":"2026-09-05T18:09:06","guid":{"rendered":"http:\/\/fmdelpueblo.ar\/?p=51736"},"modified":"2026-09-05T15:09:06","modified_gmt":"2026-09-05T18:09:06","slug":"tengo-39-anos-y-acabo-de-darme-cuenta-de-que-he-pasado-una-decada-esperando-que-la-amistad-me-llegara-de-la-misma-manera-que-a-los-22-cuando-todas-las-amistades-adultas-que-aun-conservo-fueron-prog-2","status":"publish","type":"post","link":"http:\/\/fmdelpueblo.ar\/?p=51736","title":{"rendered":"\u00abTengo 39 a\u00f1os y acabo de darme cuenta de que he pasado una d\u00e9cada esperando que la amistad me llegara de la misma manera que a los 22, cuando todas las amistades adultas que a\u00fan conservo fueron programadas por alguien\u00bb"},"content":{"rendered":"<p>La protagonista de este relato entendi\u00f3 que las amistades adultas no siempre se pierden por una pelea o por falta de afecto, sino porque nadie se ocupa de mantenerlas.<\/p>","protected":false},"excerpt":{"rendered":"<p>La protagonista de este relato entendi\u00f3 que las amistades adultas no siempre se pierden por una pelea o por falta de afecto, sino porque nadie se ocupa de mantenerlas.<\/p>\n","protected":false},"author":0,"featured_media":0,"comment_status":"","ping_status":"","sticky":false,"template":"","format":"standard","meta":{"footnotes":""},"categories":[1],"tags":[],"class_list":["post-51736","post","type-post","status-publish","format-standard","has-post-thumbnail","hentry","category-sin-categoria"],"_links":{"self":[{"href":"http:\/\/fmdelpueblo.ar\/index.php?rest_route=\/wp\/v2\/posts\/51736","targetHints":{"allow":["GET"]}}],"collection":[{"href":"http:\/\/fmdelpueblo.ar\/index.php?rest_route=\/wp\/v2\/posts"}],"about":[{"href":"http:\/\/fmdelpueblo.ar\/index.php?rest_route=\/wp\/v2\/types\/post"}],"replies":[{"embeddable":true,"href":"http:\/\/fmdelpueblo.ar\/index.php?rest_route=%2Fwp%2Fv2%2Fcomments&post=51736"}],"version-history":[{"count":0,"href":"http:\/\/fmdelpueblo.ar\/index.php?rest_route=\/wp\/v2\/posts\/51736\/revisions"}],"wp:attachment":[{"href":"http:\/\/fmdelpueblo.ar\/index.php?rest_route=%2Fwp%2Fv2%2Fmedia&parent=51736"}],"wp:term":[{"taxonomy":"category","embeddable":true,"href":"http:\/\/fmdelpueblo.ar\/index.php?rest_route=%2Fwp%2Fv2%2Fcategories&post=51736"},{"taxonomy":"post_tag","embeddable":true,"href":"http:\/\/fmdelpueblo.ar\/index.php?rest_route=%2Fwp%2Fv2%2Ftags&post=51736"}],"curies":[{"name":"wp","href":"https:\/\/api.w.org\/{rel}","templated":true}]}}