{"id":51732,"date":"2026-09-05T14:10:06","date_gmt":"2026-09-05T17:10:06","guid":{"rendered":"https:\/\/fmdelpueblo.ar\/?p=51732"},"modified":"2026-09-05T14:10:06","modified_gmt":"2026-09-05T17:10:06","slug":"suenos-compartidos-la-semana-proxima-se-conocera-el-veredicto-contra-los-los-schoklender-de-vido-y-jose-lopez","status":"publish","type":"post","link":"http:\/\/fmdelpueblo.ar\/?p=51732","title":{"rendered":"Sue\u00f1os Compartidos: la semana pr\u00f3xima se conocer\u00e1 el veredicto contra los los Schoklender, De Vido y Jos\u00e9 L\u00f3pez"},"content":{"rendered":"<p>Ser\u00e1 el viernes, en los tribunales de Comodoro Py.La Fiscal\u00eda y la UIF pidieron condenas de hasta seis a\u00f1os de prisi\u00f3n por la defraudaci\u00f3n en el programa de construcci\u00f3n de viviendas de las Madres de Plaza de Mayo.<\/p>","protected":false},"excerpt":{"rendered":"<p>Ser\u00e1 el viernes, en los tribunales de Comodoro Py.La Fiscal\u00eda y la UIF pidieron condenas de hasta seis a\u00f1os de prisi\u00f3n por la defraudaci\u00f3n en el programa de construcci\u00f3n de viviendas de las Madres de Plaza de Mayo.<\/p>\n","protected":false},"author":0,"featured_media":0,"comment_status":"","ping_status":"","sticky":false,"template":"","format":"standard","meta":{"footnotes":""},"categories":[1],"tags":[],"class_list":["post-51732","post","type-post","status-publish","format-standard","has-post-thumbnail","hentry","category-sin-categoria"],"_links":{"self":[{"href":"http:\/\/fmdelpueblo.ar\/index.php?rest_route=\/wp\/v2\/posts\/51732","targetHints":{"allow":["GET"]}}],"collection":[{"href":"http:\/\/fmdelpueblo.ar\/index.php?rest_route=\/wp\/v2\/posts"}],"about":[{"href":"http:\/\/fmdelpueblo.ar\/index.php?rest_route=\/wp\/v2\/types\/post"}],"replies":[{"embeddable":true,"href":"http:\/\/fmdelpueblo.ar\/index.php?rest_route=%2Fwp%2Fv2%2Fcomments&post=51732"}],"version-history":[{"count":0,"href":"http:\/\/fmdelpueblo.ar\/index.php?rest_route=\/wp\/v2\/posts\/51732\/revisions"}],"wp:attachment":[{"href":"http:\/\/fmdelpueblo.ar\/index.php?rest_route=%2Fwp%2Fv2%2Fmedia&parent=51732"}],"wp:term":[{"taxonomy":"category","embeddable":true,"href":"http:\/\/fmdelpueblo.ar\/index.php?rest_route=%2Fwp%2Fv2%2Fcategories&post=51732"},{"taxonomy":"post_tag","embeddable":true,"href":"http:\/\/fmdelpueblo.ar\/index.php?rest_route=%2Fwp%2Fv2%2Ftags&post=51732"}],"curies":[{"name":"wp","href":"https:\/\/api.w.org\/{rel}","templated":true}]}}