{"id":51731,"date":"2026-09-05T14:10:06","date_gmt":"2026-09-05T17:10:06","guid":{"rendered":"https:\/\/fmdelpueblo.ar\/?p=51731"},"modified":"2026-09-05T14:10:06","modified_gmt":"2026-09-05T17:10:06","slug":"jose-c-paz-tiene-cura-el-lema-que-junto-40-mil-firmas-la-historia-detras-del-sueno-vecinal-para-que-un-sacerdote-enfrente-a-mario-ishii-en-las-urnas","status":"publish","type":"post","link":"http:\/\/fmdelpueblo.ar\/?p=51731","title":{"rendered":"\u00abJos\u00e9 C. Paz tiene cura\u00bb, el lema que junt\u00f3 40 mil firmas: la historia detr\u00e1s del sue\u00f1o vecinal para que un sacerdote enfrente a Mario Ishii en las urnas"},"content":{"rendered":"<p>El padre Gustavo Manrique lleg\u00f3 a ese municipio antes del estallido de 1989. Diez a\u00f1os despu\u00e9s, los vecinos lo impulsaron como candidato a intendente hasta que lo fren\u00f3 el Obispo.Su mirada sobre la degradaci\u00f3n social de la pobreza a la miseria, la droga en los barrios y los transas como prestamistas ante la crisis econ\u00f3mica.<\/p>","protected":false},"excerpt":{"rendered":"<p>El padre Gustavo Manrique lleg\u00f3 a ese municipio antes del estallido de 1989. Diez a\u00f1os despu\u00e9s, los vecinos lo impulsaron como candidato a intendente hasta que lo fren\u00f3 el Obispo.Su mirada sobre la degradaci\u00f3n social de la pobreza a la miseria, la droga en los barrios y los transas como prestamistas ante la crisis econ\u00f3mica.<\/p>\n","protected":false},"author":0,"featured_media":0,"comment_status":"","ping_status":"","sticky":false,"template":"","format":"standard","meta":{"footnotes":""},"categories":[1],"tags":[],"class_list":["post-51731","post","type-post","status-publish","format-standard","has-post-thumbnail","hentry","category-sin-categoria"],"_links":{"self":[{"href":"http:\/\/fmdelpueblo.ar\/index.php?rest_route=\/wp\/v2\/posts\/51731","targetHints":{"allow":["GET"]}}],"collection":[{"href":"http:\/\/fmdelpueblo.ar\/index.php?rest_route=\/wp\/v2\/posts"}],"about":[{"href":"http:\/\/fmdelpueblo.ar\/index.php?rest_route=\/wp\/v2\/types\/post"}],"replies":[{"embeddable":true,"href":"http:\/\/fmdelpueblo.ar\/index.php?rest_route=%2Fwp%2Fv2%2Fcomments&post=51731"}],"version-history":[{"count":0,"href":"http:\/\/fmdelpueblo.ar\/index.php?rest_route=\/wp\/v2\/posts\/51731\/revisions"}],"wp:attachment":[{"href":"http:\/\/fmdelpueblo.ar\/index.php?rest_route=%2Fwp%2Fv2%2Fmedia&parent=51731"}],"wp:term":[{"taxonomy":"category","embeddable":true,"href":"http:\/\/fmdelpueblo.ar\/index.php?rest_route=%2Fwp%2Fv2%2Fcategories&post=51731"},{"taxonomy":"post_tag","embeddable":true,"href":"http:\/\/fmdelpueblo.ar\/index.php?rest_route=%2Fwp%2Fv2%2Ftags&post=51731"}],"curies":[{"name":"wp","href":"https:\/\/api.w.org\/{rel}","templated":true}]}}