{"id":51730,"date":"2026-09-05T14:10:05","date_gmt":"2026-09-05T17:10:05","guid":{"rendered":"https:\/\/fmdelpueblo.ar\/?p=51730"},"modified":"2026-09-05T14:10:05","modified_gmt":"2026-09-05T17:10:05","slug":"caso-libra-tras-el-fallo-de-la-camara-federal-dos-diputados-pidieron-sumarse-como-querellantes-y-que-declare-la-expareja-de-cerimedo","status":"publish","type":"post","link":"http:\/\/fmdelpueblo.ar\/?p=51730","title":{"rendered":"Caso $LIBRA: tras el fallo de la C\u00e1mara Federal, dos diputados pidieron sumarse como querellantes y que declare la expareja de Cerimedo"},"content":{"rendered":"<p>Buscan que Nadia Beller, internada tras el intento de femicidio, aporte informaci\u00f3n sobre los m\u00e9todos de financiamiento.Ayer, la C\u00e1mara Federal hab\u00eda confirmado la exclusi\u00f3n de cinco inversores como querellantes en la causa que investiga al presidente Javier Milei.<\/p>","protected":false},"excerpt":{"rendered":"<p>Buscan que Nadia Beller, internada tras el intento de femicidio, aporte informaci\u00f3n sobre los m\u00e9todos de financiamiento.Ayer, la C\u00e1mara Federal hab\u00eda confirmado la exclusi\u00f3n de cinco inversores como querellantes en la causa que investiga al presidente Javier Milei.<\/p>\n","protected":false},"author":0,"featured_media":0,"comment_status":"","ping_status":"","sticky":false,"template":"","format":"standard","meta":{"footnotes":""},"categories":[1],"tags":[],"class_list":["post-51730","post","type-post","status-publish","format-standard","has-post-thumbnail","hentry","category-sin-categoria"],"_links":{"self":[{"href":"http:\/\/fmdelpueblo.ar\/index.php?rest_route=\/wp\/v2\/posts\/51730","targetHints":{"allow":["GET"]}}],"collection":[{"href":"http:\/\/fmdelpueblo.ar\/index.php?rest_route=\/wp\/v2\/posts"}],"about":[{"href":"http:\/\/fmdelpueblo.ar\/index.php?rest_route=\/wp\/v2\/types\/post"}],"replies":[{"embeddable":true,"href":"http:\/\/fmdelpueblo.ar\/index.php?rest_route=%2Fwp%2Fv2%2Fcomments&post=51730"}],"version-history":[{"count":0,"href":"http:\/\/fmdelpueblo.ar\/index.php?rest_route=\/wp\/v2\/posts\/51730\/revisions"}],"wp:attachment":[{"href":"http:\/\/fmdelpueblo.ar\/index.php?rest_route=%2Fwp%2Fv2%2Fmedia&parent=51730"}],"wp:term":[{"taxonomy":"category","embeddable":true,"href":"http:\/\/fmdelpueblo.ar\/index.php?rest_route=%2Fwp%2Fv2%2Fcategories&post=51730"},{"taxonomy":"post_tag","embeddable":true,"href":"http:\/\/fmdelpueblo.ar\/index.php?rest_route=%2Fwp%2Fv2%2Ftags&post=51730"}],"curies":[{"name":"wp","href":"https:\/\/api.w.org\/{rel}","templated":true}]}}