{"id":51683,"date":"2026-09-05T09:09:05","date_gmt":"2026-09-05T12:09:05","guid":{"rendered":"https:\/\/fmdelpueblo.ar\/?p=51683"},"modified":"2026-09-05T09:09:05","modified_gmt":"2026-09-05T12:09:05","slug":"embajador-de-eeuu-dice-que-israel-no-planea-desplazar-por-la-fuerza-a-los-gazaties","status":"publish","type":"post","link":"http:\/\/fmdelpueblo.ar\/?p=51683","title":{"rendered":"Embajador de EEUU dice que Israel no planea desplazar por la fuerza a los gazat\u00edes"},"content":{"rendered":"<p>El diplom\u00e1tico estadounidense en Israel neg\u00f3 planes de expulsi\u00f3n forzosa de Gaza, tras propuestas de un ministro israel\u00ed. Huckabee inst\u00f3 a Israel a controlar la violencia de colonos en Cisjordania, subrayando la responsabilidad gubernamental en la seguridad.<\/p>","protected":false},"excerpt":{"rendered":"<p>El diplom\u00e1tico estadounidense en Israel neg\u00f3 planes de expulsi\u00f3n forzosa de Gaza, tras propuestas de un ministro israel\u00ed. Huckabee inst\u00f3 a Israel a controlar la violencia de colonos en Cisjordania, subrayando la responsabilidad gubernamental en la seguridad.<\/p>\n","protected":false},"author":0,"featured_media":0,"comment_status":"","ping_status":"","sticky":false,"template":"","format":"standard","meta":{"footnotes":""},"categories":[1],"tags":[],"class_list":["post-51683","post","type-post","status-publish","format-standard","has-post-thumbnail","hentry","category-sin-categoria"],"_links":{"self":[{"href":"http:\/\/fmdelpueblo.ar\/index.php?rest_route=\/wp\/v2\/posts\/51683","targetHints":{"allow":["GET"]}}],"collection":[{"href":"http:\/\/fmdelpueblo.ar\/index.php?rest_route=\/wp\/v2\/posts"}],"about":[{"href":"http:\/\/fmdelpueblo.ar\/index.php?rest_route=\/wp\/v2\/types\/post"}],"replies":[{"embeddable":true,"href":"http:\/\/fmdelpueblo.ar\/index.php?rest_route=%2Fwp%2Fv2%2Fcomments&post=51683"}],"version-history":[{"count":0,"href":"http:\/\/fmdelpueblo.ar\/index.php?rest_route=\/wp\/v2\/posts\/51683\/revisions"}],"wp:attachment":[{"href":"http:\/\/fmdelpueblo.ar\/index.php?rest_route=%2Fwp%2Fv2%2Fmedia&parent=51683"}],"wp:term":[{"taxonomy":"category","embeddable":true,"href":"http:\/\/fmdelpueblo.ar\/index.php?rest_route=%2Fwp%2Fv2%2Fcategories&post=51683"},{"taxonomy":"post_tag","embeddable":true,"href":"http:\/\/fmdelpueblo.ar\/index.php?rest_route=%2Fwp%2Fv2%2Ftags&post=51683"}],"curies":[{"name":"wp","href":"https:\/\/api.w.org\/{rel}","templated":true}]}}