{"id":51667,"date":"2026-09-05T07:09:07","date_gmt":"2026-09-05T10:09:07","guid":{"rendered":"http:\/\/fmdelpueblo.ar\/?p=51667"},"modified":"2026-09-05T07:09:07","modified_gmt":"2026-09-05T10:09:07","slug":"murales-de-galerias-pacifico-los-80-anos-de-una-conversacion-interminable","status":"publish","type":"post","link":"http:\/\/fmdelpueblo.ar\/?p=51667","title":{"rendered":"Murales de Galer\u00edas Pac\u00edfico: los 80 a\u00f1os de una conversaci\u00f3n interminable"},"content":{"rendered":"<p>Los pintaron los maestros Berni, Castagnino, Urruch\u00faa, Spilimbergo y Colmeiro en la c\u00fapula del shopping de la peatonal Florida.Por qu\u00e9 \u00abfue una tarea brav\u00edsima\u00bb.La vigencia de un hito.<\/p>","protected":false},"excerpt":{"rendered":"<p>Los pintaron los maestros Berni, Castagnino, Urruch\u00faa, Spilimbergo y Colmeiro en la c\u00fapula del shopping de la peatonal Florida.Por qu\u00e9 \u00abfue una tarea brav\u00edsima\u00bb.La vigencia de un hito.<\/p>\n","protected":false},"author":0,"featured_media":0,"comment_status":"","ping_status":"","sticky":false,"template":"","format":"standard","meta":{"footnotes":""},"categories":[1],"tags":[],"class_list":["post-51667","post","type-post","status-publish","format-standard","has-post-thumbnail","hentry","category-sin-categoria"],"_links":{"self":[{"href":"http:\/\/fmdelpueblo.ar\/index.php?rest_route=\/wp\/v2\/posts\/51667","targetHints":{"allow":["GET"]}}],"collection":[{"href":"http:\/\/fmdelpueblo.ar\/index.php?rest_route=\/wp\/v2\/posts"}],"about":[{"href":"http:\/\/fmdelpueblo.ar\/index.php?rest_route=\/wp\/v2\/types\/post"}],"replies":[{"embeddable":true,"href":"http:\/\/fmdelpueblo.ar\/index.php?rest_route=%2Fwp%2Fv2%2Fcomments&post=51667"}],"version-history":[{"count":0,"href":"http:\/\/fmdelpueblo.ar\/index.php?rest_route=\/wp\/v2\/posts\/51667\/revisions"}],"wp:attachment":[{"href":"http:\/\/fmdelpueblo.ar\/index.php?rest_route=%2Fwp%2Fv2%2Fmedia&parent=51667"}],"wp:term":[{"taxonomy":"category","embeddable":true,"href":"http:\/\/fmdelpueblo.ar\/index.php?rest_route=%2Fwp%2Fv2%2Fcategories&post=51667"},{"taxonomy":"post_tag","embeddable":true,"href":"http:\/\/fmdelpueblo.ar\/index.php?rest_route=%2Fwp%2Fv2%2Ftags&post=51667"}],"curies":[{"name":"wp","href":"https:\/\/api.w.org\/{rel}","templated":true}]}}