{"id":51663,"date":"2026-09-05T07:09:05","date_gmt":"2026-09-05T10:09:05","guid":{"rendered":"http:\/\/fmdelpueblo.ar\/?p=51663"},"modified":"2026-09-05T07:09:05","modified_gmt":"2026-09-05T10:09:05","slug":"juan-pablo-shuk-60-anos-para-un-actor-colombiano-es-un-alivio-no-hacer-de-narco","status":"publish","type":"post","link":"http:\/\/fmdelpueblo.ar\/?p=51663","title":{"rendered":"Juan Pablo Shuk, 60 a\u00f1os: \u00abPara un actor colombiano es un alivio no hacer de narco\u00bb"},"content":{"rendered":"<p>Habl\u00f3 sobre su carrera y el peso que tuvieron las historias de narcotr\u00e1fico en la televisi\u00f3n y el cine de su pa\u00eds.Cont\u00f3 por qu\u00e9 le result\u00f3 atractivo interpretar a un delincuente en Los internacionales, una ficci\u00f3n ambientada en la Argentina de 2001.<\/p>","protected":false},"excerpt":{"rendered":"<p>Habl\u00f3 sobre su carrera y el peso que tuvieron las historias de narcotr\u00e1fico en la televisi\u00f3n y el cine de su pa\u00eds.Cont\u00f3 por qu\u00e9 le result\u00f3 atractivo interpretar a un delincuente en Los internacionales, una ficci\u00f3n ambientada en la Argentina de 2001.<\/p>\n","protected":false},"author":0,"featured_media":0,"comment_status":"","ping_status":"","sticky":false,"template":"","format":"standard","meta":{"footnotes":""},"categories":[1],"tags":[],"class_list":["post-51663","post","type-post","status-publish","format-standard","has-post-thumbnail","hentry","category-sin-categoria"],"_links":{"self":[{"href":"http:\/\/fmdelpueblo.ar\/index.php?rest_route=\/wp\/v2\/posts\/51663","targetHints":{"allow":["GET"]}}],"collection":[{"href":"http:\/\/fmdelpueblo.ar\/index.php?rest_route=\/wp\/v2\/posts"}],"about":[{"href":"http:\/\/fmdelpueblo.ar\/index.php?rest_route=\/wp\/v2\/types\/post"}],"replies":[{"embeddable":true,"href":"http:\/\/fmdelpueblo.ar\/index.php?rest_route=%2Fwp%2Fv2%2Fcomments&post=51663"}],"version-history":[{"count":0,"href":"http:\/\/fmdelpueblo.ar\/index.php?rest_route=\/wp\/v2\/posts\/51663\/revisions"}],"wp:attachment":[{"href":"http:\/\/fmdelpueblo.ar\/index.php?rest_route=%2Fwp%2Fv2%2Fmedia&parent=51663"}],"wp:term":[{"taxonomy":"category","embeddable":true,"href":"http:\/\/fmdelpueblo.ar\/index.php?rest_route=%2Fwp%2Fv2%2Fcategories&post=51663"},{"taxonomy":"post_tag","embeddable":true,"href":"http:\/\/fmdelpueblo.ar\/index.php?rest_route=%2Fwp%2Fv2%2Ftags&post=51663"}],"curies":[{"name":"wp","href":"https:\/\/api.w.org\/{rel}","templated":true}]}}