{"id":51639,"date":"2026-09-05T03:09:09","date_gmt":"2026-09-05T06:09:09","guid":{"rendered":"http:\/\/fmdelpueblo.ar\/?p=51639"},"modified":"2026-09-05T03:09:09","modified_gmt":"2026-09-05T06:09:09","slug":"maria-jose-valero-madre-biologica-y-de-acogida-y-a-los-55-anos-mi-objetivo-nunca-ha-sido-que-la-bebe-que-acogemos-se-quede-conmigo-sino-que-se-vaya-feliz-segura-y-llena-de-amor","status":"publish","type":"post","link":"http:\/\/fmdelpueblo.ar\/?p=51639","title":{"rendered":"Mar\u00eda Jos\u00e9 Valero, madre biol\u00f3gica y de acogida y a los 55 a\u00f1os: \u201cMi objetivo nunca ha sido que la beb\u00e9 que acogemos se quede conmigo, sino que se vaya feliz, segura y llena de amor\u201d"},"content":{"rendered":"<p>Valero tuvo a su hija biol\u00f3gica hace 21 a\u00f1os y, hace poco, su familia decidi\u00f3 acoger a ni\u00f1os en situaci\u00f3n de desprotecci\u00f3n.<\/p>","protected":false},"excerpt":{"rendered":"<p>Valero tuvo a su hija biol\u00f3gica hace 21 a\u00f1os y, hace poco, su familia decidi\u00f3 acoger a ni\u00f1os en situaci\u00f3n de desprotecci\u00f3n.<\/p>\n","protected":false},"author":0,"featured_media":0,"comment_status":"","ping_status":"","sticky":false,"template":"","format":"standard","meta":{"footnotes":""},"categories":[1],"tags":[],"class_list":["post-51639","post","type-post","status-publish","format-standard","has-post-thumbnail","hentry","category-sin-categoria"],"_links":{"self":[{"href":"http:\/\/fmdelpueblo.ar\/index.php?rest_route=\/wp\/v2\/posts\/51639","targetHints":{"allow":["GET"]}}],"collection":[{"href":"http:\/\/fmdelpueblo.ar\/index.php?rest_route=\/wp\/v2\/posts"}],"about":[{"href":"http:\/\/fmdelpueblo.ar\/index.php?rest_route=\/wp\/v2\/types\/post"}],"replies":[{"embeddable":true,"href":"http:\/\/fmdelpueblo.ar\/index.php?rest_route=%2Fwp%2Fv2%2Fcomments&post=51639"}],"version-history":[{"count":0,"href":"http:\/\/fmdelpueblo.ar\/index.php?rest_route=\/wp\/v2\/posts\/51639\/revisions"}],"wp:attachment":[{"href":"http:\/\/fmdelpueblo.ar\/index.php?rest_route=%2Fwp%2Fv2%2Fmedia&parent=51639"}],"wp:term":[{"taxonomy":"category","embeddable":true,"href":"http:\/\/fmdelpueblo.ar\/index.php?rest_route=%2Fwp%2Fv2%2Fcategories&post=51639"},{"taxonomy":"post_tag","embeddable":true,"href":"http:\/\/fmdelpueblo.ar\/index.php?rest_route=%2Fwp%2Fv2%2Ftags&post=51639"}],"curies":[{"name":"wp","href":"https:\/\/api.w.org\/{rel}","templated":true}]}}