{"id":51634,"date":"2026-09-05T02:09:17","date_gmt":"2026-09-05T05:09:17","guid":{"rendered":"http:\/\/fmdelpueblo.ar\/?p=51634"},"modified":"2026-09-05T02:09:17","modified_gmt":"2026-09-05T05:09:17","slug":"agricultores-en-eeuu-recurren-a-granos-perennes-como-una-solucion-ante-el-clima-extremo","status":"publish","type":"post","link":"http:\/\/fmdelpueblo.ar\/?p=51634","title":{"rendered":"Agricultores en EEUU recurren a granos perennes como una soluci\u00f3n ante el clima extremo"},"content":{"rendered":"<p>La sequ\u00eda afecta la producci\u00f3n de trigo en Kansas, llevando a agricultores a explorar granos perennes para mayor resiliencia. Estos cultivos, aunque de menor rendimiento, prometen ahorro y sostenibilidad.La Kernza, un grano perenne, gana terreno pese a desaf\u00edos de mercado y cosecha. Su potencial para mitigar el cambio clim\u00e1tico impulsa su adopci\u00f3n en medio de un inter\u00e9s creciente.<\/p>","protected":false},"excerpt":{"rendered":"<p>La sequ\u00eda afecta la producci\u00f3n de trigo en Kansas, llevando a agricultores a explorar granos perennes para mayor resiliencia. Estos cultivos, aunque de menor rendimiento, prometen ahorro y sostenibilidad.La Kernza, un grano perenne, gana terreno pese a desaf\u00edos de mercado y cosecha. Su potencial para mitigar el cambio clim\u00e1tico impulsa su adopci\u00f3n en medio de [&hellip;]<\/p>\n","protected":false},"author":0,"featured_media":0,"comment_status":"","ping_status":"","sticky":false,"template":"","format":"standard","meta":{"footnotes":""},"categories":[1],"tags":[],"class_list":["post-51634","post","type-post","status-publish","format-standard","has-post-thumbnail","hentry","category-sin-categoria"],"_links":{"self":[{"href":"http:\/\/fmdelpueblo.ar\/index.php?rest_route=\/wp\/v2\/posts\/51634","targetHints":{"allow":["GET"]}}],"collection":[{"href":"http:\/\/fmdelpueblo.ar\/index.php?rest_route=\/wp\/v2\/posts"}],"about":[{"href":"http:\/\/fmdelpueblo.ar\/index.php?rest_route=\/wp\/v2\/types\/post"}],"replies":[{"embeddable":true,"href":"http:\/\/fmdelpueblo.ar\/index.php?rest_route=%2Fwp%2Fv2%2Fcomments&post=51634"}],"version-history":[{"count":0,"href":"http:\/\/fmdelpueblo.ar\/index.php?rest_route=\/wp\/v2\/posts\/51634\/revisions"}],"wp:attachment":[{"href":"http:\/\/fmdelpueblo.ar\/index.php?rest_route=%2Fwp%2Fv2%2Fmedia&parent=51634"}],"wp:term":[{"taxonomy":"category","embeddable":true,"href":"http:\/\/fmdelpueblo.ar\/index.php?rest_route=%2Fwp%2Fv2%2Fcategories&post=51634"},{"taxonomy":"post_tag","embeddable":true,"href":"http:\/\/fmdelpueblo.ar\/index.php?rest_route=%2Fwp%2Fv2%2Ftags&post=51634"}],"curies":[{"name":"wp","href":"https:\/\/api.w.org\/{rel}","templated":true}]}}