{"id":51630,"date":"2026-09-05T02:09:14","date_gmt":"2026-09-05T05:09:14","guid":{"rendered":"http:\/\/fmdelpueblo.ar\/?p=51630"},"modified":"2026-09-05T02:09:14","modified_gmt":"2026-09-05T05:09:14","slug":"roger-federer-45-anos-he-pasado-por-cinco-operaciones-merezco-descansar-ahora-compito-jugando-al-golf-con-rafa-nadal-pero-esta-tan-por-encima-de-mi-que-aun-no-existe-rivalidad","status":"publish","type":"post","link":"http:\/\/fmdelpueblo.ar\/?p=51630","title":{"rendered":"Roger Federer, 45 a\u00f1os: \u201cHe pasado por cinco operaciones, merezco descansar, ahora compito jugando al golf con Rafa Nadal, pero est\u00e1 tan por encima de m\u00ed que a\u00fan no existe rivalidad\u201d"},"content":{"rendered":"<p>El suizo descarta volver al tenis profesional, explica c\u00f3mo vive su retirada y admite que Nadal sigue teniendo ventaja cuando cambian la raqueta por los palos de golf.<\/p>","protected":false},"excerpt":{"rendered":"<p>El suizo descarta volver al tenis profesional, explica c\u00f3mo vive su retirada y admite que Nadal sigue teniendo ventaja cuando cambian la raqueta por los palos de golf.<\/p>\n","protected":false},"author":0,"featured_media":0,"comment_status":"","ping_status":"","sticky":false,"template":"","format":"standard","meta":{"footnotes":""},"categories":[1],"tags":[],"class_list":["post-51630","post","type-post","status-publish","format-standard","has-post-thumbnail","hentry","category-sin-categoria"],"_links":{"self":[{"href":"http:\/\/fmdelpueblo.ar\/index.php?rest_route=\/wp\/v2\/posts\/51630","targetHints":{"allow":["GET"]}}],"collection":[{"href":"http:\/\/fmdelpueblo.ar\/index.php?rest_route=\/wp\/v2\/posts"}],"about":[{"href":"http:\/\/fmdelpueblo.ar\/index.php?rest_route=\/wp\/v2\/types\/post"}],"replies":[{"embeddable":true,"href":"http:\/\/fmdelpueblo.ar\/index.php?rest_route=%2Fwp%2Fv2%2Fcomments&post=51630"}],"version-history":[{"count":0,"href":"http:\/\/fmdelpueblo.ar\/index.php?rest_route=\/wp\/v2\/posts\/51630\/revisions"}],"wp:attachment":[{"href":"http:\/\/fmdelpueblo.ar\/index.php?rest_route=%2Fwp%2Fv2%2Fmedia&parent=51630"}],"wp:term":[{"taxonomy":"category","embeddable":true,"href":"http:\/\/fmdelpueblo.ar\/index.php?rest_route=%2Fwp%2Fv2%2Fcategories&post=51630"},{"taxonomy":"post_tag","embeddable":true,"href":"http:\/\/fmdelpueblo.ar\/index.php?rest_route=%2Fwp%2Fv2%2Ftags&post=51630"}],"curies":[{"name":"wp","href":"https:\/\/api.w.org\/{rel}","templated":true}]}}