{"id":516,"date":"2021-10-30T22:23:31","date_gmt":"2021-10-30T22:23:31","guid":{"rendered":"https:\/\/fmdelpueblo.ar\/?p=516"},"modified":"2021-10-30T22:23:31","modified_gmt":"2021-10-30T22:23:31","slug":"facundo-manes-en-santa-fe-acompano-a-carolina-losada-y-recibio-el-apoyo-de-gabriel-batistuta","status":"publish","type":"post","link":"http:\/\/fmdelpueblo.ar\/?p=516","title":{"rendered":"Facundo Manes en Santa Fe: acompa\u00f1\u00f3 a Carolina Losada y recibi\u00f3 el apoyo de Gabriel Batistuta"},"content":{"rendered":"<\/p>\n<p>El candidato por la provincia de Buenos Aires visit\u00f3 la ciudad para respaldar a la lista del radicalismo, aunque mantuvo un sorpresivo encuentro con el ex goleador de la selecci\u00f3n nacional. <a href=\"https:\/\/www.perfil.com\/noticias\/politica\/facundo-manes-en-santa-fe-acompano-carolina-losada-recibio-apoyo-gabriel-batistuta.phtml\">Leer m\u00e1s<\/a><\/p>\n","protected":false},"excerpt":{"rendered":"<p>El candidato por la provincia de Buenos Aires visit\u00f3 la ciudad para respaldar a la lista del radicalismo, aunque mantuvo un sorpresivo encuentro con el ex goleador de la selecci\u00f3n nacional. Leer m\u00e1s<\/p>\n","protected":false},"author":0,"featured_media":0,"comment_status":"","ping_status":"","sticky":false,"template":"","format":"standard","meta":{"footnotes":""},"categories":[1],"tags":[],"class_list":["post-516","post","type-post","status-publish","format-standard","hentry","category-sin-categoria"],"_links":{"self":[{"href":"http:\/\/fmdelpueblo.ar\/index.php?rest_route=\/wp\/v2\/posts\/516","targetHints":{"allow":["GET"]}}],"collection":[{"href":"http:\/\/fmdelpueblo.ar\/index.php?rest_route=\/wp\/v2\/posts"}],"about":[{"href":"http:\/\/fmdelpueblo.ar\/index.php?rest_route=\/wp\/v2\/types\/post"}],"replies":[{"embeddable":true,"href":"http:\/\/fmdelpueblo.ar\/index.php?rest_route=%2Fwp%2Fv2%2Fcomments&post=516"}],"version-history":[{"count":0,"href":"http:\/\/fmdelpueblo.ar\/index.php?rest_route=\/wp\/v2\/posts\/516\/revisions"}],"wp:attachment":[{"href":"http:\/\/fmdelpueblo.ar\/index.php?rest_route=%2Fwp%2Fv2%2Fmedia&parent=516"}],"wp:term":[{"taxonomy":"category","embeddable":true,"href":"http:\/\/fmdelpueblo.ar\/index.php?rest_route=%2Fwp%2Fv2%2Fcategories&post=516"},{"taxonomy":"post_tag","embeddable":true,"href":"http:\/\/fmdelpueblo.ar\/index.php?rest_route=%2Fwp%2Fv2%2Ftags&post=516"}],"curies":[{"name":"wp","href":"https:\/\/api.w.org\/{rel}","templated":true}]}}