{"id":51591,"date":"2026-09-04T21:08:58","date_gmt":"2026-09-05T00:08:58","guid":{"rendered":"https:\/\/fmdelpueblo.ar\/?p=51591"},"modified":"2026-09-04T21:08:58","modified_gmt":"2026-09-05T00:08:58","slug":"malvinas-villarruel-evito-opinar-de-los-anuncios-de-milei-pero-se-mostro-en-un-homenaje-a-ex-combatientes","status":"publish","type":"post","link":"http:\/\/fmdelpueblo.ar\/?p=51591","title":{"rendered":"Malvinas: Villarruel evit\u00f3 opinar de los anuncios de Milei pero se mostr\u00f3 en un homenaje a ex combatientes"},"content":{"rendered":"<p>La vicepresidenta encabez\u00f3 una ceremonia en un habitual ciclo que se realiza en el Senado.Se la vio portando el pin con la leyenda \u00ab<em>Las Malvinas son argentinas\u00bb<\/em>.<\/p>","protected":false},"excerpt":{"rendered":"<p>La vicepresidenta encabez\u00f3 una ceremonia en un habitual ciclo que se realiza en el Senado.Se la vio portando el pin con la leyenda \u00abLas Malvinas son argentinas\u00bb.<\/p>\n","protected":false},"author":0,"featured_media":0,"comment_status":"","ping_status":"","sticky":false,"template":"","format":"standard","meta":{"footnotes":""},"categories":[1],"tags":[],"class_list":["post-51591","post","type-post","status-publish","format-standard","has-post-thumbnail","hentry","category-sin-categoria"],"_links":{"self":[{"href":"http:\/\/fmdelpueblo.ar\/index.php?rest_route=\/wp\/v2\/posts\/51591","targetHints":{"allow":["GET"]}}],"collection":[{"href":"http:\/\/fmdelpueblo.ar\/index.php?rest_route=\/wp\/v2\/posts"}],"about":[{"href":"http:\/\/fmdelpueblo.ar\/index.php?rest_route=\/wp\/v2\/types\/post"}],"replies":[{"embeddable":true,"href":"http:\/\/fmdelpueblo.ar\/index.php?rest_route=%2Fwp%2Fv2%2Fcomments&post=51591"}],"version-history":[{"count":0,"href":"http:\/\/fmdelpueblo.ar\/index.php?rest_route=\/wp\/v2\/posts\/51591\/revisions"}],"wp:attachment":[{"href":"http:\/\/fmdelpueblo.ar\/index.php?rest_route=%2Fwp%2Fv2%2Fmedia&parent=51591"}],"wp:term":[{"taxonomy":"category","embeddable":true,"href":"http:\/\/fmdelpueblo.ar\/index.php?rest_route=%2Fwp%2Fv2%2Fcategories&post=51591"},{"taxonomy":"post_tag","embeddable":true,"href":"http:\/\/fmdelpueblo.ar\/index.php?rest_route=%2Fwp%2Fv2%2Ftags&post=51591"}],"curies":[{"name":"wp","href":"https:\/\/api.w.org\/{rel}","templated":true}]}}