{"id":51588,"date":"2026-09-04T21:08:57","date_gmt":"2026-09-05T00:08:57","guid":{"rendered":"https:\/\/fmdelpueblo.ar\/?p=51588"},"modified":"2026-09-04T21:08:57","modified_gmt":"2026-09-05T00:08:57","slug":"bienvenido-el-cambio-de-180-grados-de-milei-el-inesperado-elogio-de-juan-grabois-al-presidente-por-las-malvinas","status":"publish","type":"post","link":"http:\/\/fmdelpueblo.ar\/?p=51588","title":{"rendered":"\u00abBienvenido el cambio de 180 grados de Milei\u00bb: el inesperado elogio de Juan Grabois al Presidente por las Malvinas"},"content":{"rendered":"<p>El diputado de Uni\u00f3n por la Patria asegur\u00f3 que el Presidente \u00abpas\u00f3 de soquete colonizado a recuperar la posici\u00f3n hist\u00f3rica\u00bb de la Argentina.\u00bbTodo lo que se haga contra el ingl\u00e9s invasor est\u00e1 bien\u00bb, a\u00f1adi\u00f3.<\/p>","protected":false},"excerpt":{"rendered":"<p>El diputado de Uni\u00f3n por la Patria asegur\u00f3 que el Presidente \u00abpas\u00f3 de soquete colonizado a recuperar la posici\u00f3n hist\u00f3rica\u00bb de la Argentina.\u00bbTodo lo que se haga contra el ingl\u00e9s invasor est\u00e1 bien\u00bb, a\u00f1adi\u00f3.<\/p>\n","protected":false},"author":0,"featured_media":0,"comment_status":"","ping_status":"","sticky":false,"template":"","format":"standard","meta":{"footnotes":""},"categories":[1],"tags":[],"class_list":["post-51588","post","type-post","status-publish","format-standard","has-post-thumbnail","hentry","category-sin-categoria"],"_links":{"self":[{"href":"http:\/\/fmdelpueblo.ar\/index.php?rest_route=\/wp\/v2\/posts\/51588","targetHints":{"allow":["GET"]}}],"collection":[{"href":"http:\/\/fmdelpueblo.ar\/index.php?rest_route=\/wp\/v2\/posts"}],"about":[{"href":"http:\/\/fmdelpueblo.ar\/index.php?rest_route=\/wp\/v2\/types\/post"}],"replies":[{"embeddable":true,"href":"http:\/\/fmdelpueblo.ar\/index.php?rest_route=%2Fwp%2Fv2%2Fcomments&post=51588"}],"version-history":[{"count":0,"href":"http:\/\/fmdelpueblo.ar\/index.php?rest_route=\/wp\/v2\/posts\/51588\/revisions"}],"wp:attachment":[{"href":"http:\/\/fmdelpueblo.ar\/index.php?rest_route=%2Fwp%2Fv2%2Fmedia&parent=51588"}],"wp:term":[{"taxonomy":"category","embeddable":true,"href":"http:\/\/fmdelpueblo.ar\/index.php?rest_route=%2Fwp%2Fv2%2Fcategories&post=51588"},{"taxonomy":"post_tag","embeddable":true,"href":"http:\/\/fmdelpueblo.ar\/index.php?rest_route=%2Fwp%2Fv2%2Ftags&post=51588"}],"curies":[{"name":"wp","href":"https:\/\/api.w.org\/{rel}","templated":true}]}}