{"id":51587,"date":"2026-09-04T21:08:56","date_gmt":"2026-09-05T00:08:56","guid":{"rendered":"https:\/\/fmdelpueblo.ar\/?p=51587"},"modified":"2026-09-04T21:08:56","modified_gmt":"2026-09-05T00:08:56","slug":"exequiel-palacios-tuvo-su-primer-partido-como-titular-en-la-premier-league-pero-el-que-festejo-fue-alexis-mac-allister","status":"publish","type":"post","link":"http:\/\/fmdelpueblo.ar\/?p=51587","title":{"rendered":"Exequiel Palacios tuvo su primer partido como titular en la Premier League, pero el que festej\u00f3 fue Alexis Mac Allister"},"content":{"rendered":"<p>El mediocampista argentino fue incluido por primera vez desde el arranque en el equipo de Ipswich.El conjunto local cay\u00f3 2-0 ante Liverpool, que cont\u00f3 con Alexis Mac Allister.Palacios disput\u00f3 los 90 minutos y dio un nuevo paso en su adaptaci\u00f3n al f\u00fatbol ingl\u00e9s.<\/p>","protected":false},"excerpt":{"rendered":"<p>El mediocampista argentino fue incluido por primera vez desde el arranque en el equipo de Ipswich.El conjunto local cay\u00f3 2-0 ante Liverpool, que cont\u00f3 con Alexis Mac Allister.Palacios disput\u00f3 los 90 minutos y dio un nuevo paso en su adaptaci\u00f3n al f\u00fatbol ingl\u00e9s.<\/p>\n","protected":false},"author":0,"featured_media":0,"comment_status":"","ping_status":"","sticky":false,"template":"","format":"standard","meta":{"footnotes":""},"categories":[1],"tags":[],"class_list":["post-51587","post","type-post","status-publish","format-standard","has-post-thumbnail","hentry","category-sin-categoria"],"_links":{"self":[{"href":"http:\/\/fmdelpueblo.ar\/index.php?rest_route=\/wp\/v2\/posts\/51587","targetHints":{"allow":["GET"]}}],"collection":[{"href":"http:\/\/fmdelpueblo.ar\/index.php?rest_route=\/wp\/v2\/posts"}],"about":[{"href":"http:\/\/fmdelpueblo.ar\/index.php?rest_route=\/wp\/v2\/types\/post"}],"replies":[{"embeddable":true,"href":"http:\/\/fmdelpueblo.ar\/index.php?rest_route=%2Fwp%2Fv2%2Fcomments&post=51587"}],"version-history":[{"count":0,"href":"http:\/\/fmdelpueblo.ar\/index.php?rest_route=\/wp\/v2\/posts\/51587\/revisions"}],"wp:attachment":[{"href":"http:\/\/fmdelpueblo.ar\/index.php?rest_route=%2Fwp%2Fv2%2Fmedia&parent=51587"}],"wp:term":[{"taxonomy":"category","embeddable":true,"href":"http:\/\/fmdelpueblo.ar\/index.php?rest_route=%2Fwp%2Fv2%2Fcategories&post=51587"},{"taxonomy":"post_tag","embeddable":true,"href":"http:\/\/fmdelpueblo.ar\/index.php?rest_route=%2Fwp%2Fv2%2Ftags&post=51587"}],"curies":[{"name":"wp","href":"https:\/\/api.w.org\/{rel}","templated":true}]}}