{"id":51585,"date":"2026-09-04T21:08:55","date_gmt":"2026-09-05T00:08:55","guid":{"rendered":"https:\/\/fmdelpueblo.ar\/?p=51585"},"modified":"2026-09-04T21:08:55","modified_gmt":"2026-09-05T00:08:55","slug":"venezuela-firma-acuerdo-petrolero-a-25-anos-con-empresa-colombiana-geopark","status":"publish","type":"post","link":"http:\/\/fmdelpueblo.ar\/?p=51585","title":{"rendered":"Venezuela firma acuerdo petrolero a 25 a\u00f1os con empresa colombiana GeoPark"},"content":{"rendered":"<p>El gobierno provisional de Venezuela y GeoPark acordaron explotar un campo de crudo por 25 a\u00f1os, sum\u00e1ndose a otros convenios para reactivar el sector.La alianza busca aumentar la producci\u00f3n petrolera, que ha crecido un 30% este a\u00f1o, pero a\u00fan est\u00e1 lejos de los niveles de los a\u00f1os noventa.<\/p>","protected":false},"excerpt":{"rendered":"<p>El gobierno provisional de Venezuela y GeoPark acordaron explotar un campo de crudo por 25 a\u00f1os, sum\u00e1ndose a otros convenios para reactivar el sector.La alianza busca aumentar la producci\u00f3n petrolera, que ha crecido un 30% este a\u00f1o, pero a\u00fan est\u00e1 lejos de los niveles de los a\u00f1os noventa.<\/p>\n","protected":false},"author":0,"featured_media":0,"comment_status":"","ping_status":"","sticky":false,"template":"","format":"standard","meta":{"footnotes":""},"categories":[1],"tags":[],"class_list":["post-51585","post","type-post","status-publish","format-standard","has-post-thumbnail","hentry","category-sin-categoria"],"_links":{"self":[{"href":"http:\/\/fmdelpueblo.ar\/index.php?rest_route=\/wp\/v2\/posts\/51585","targetHints":{"allow":["GET"]}}],"collection":[{"href":"http:\/\/fmdelpueblo.ar\/index.php?rest_route=\/wp\/v2\/posts"}],"about":[{"href":"http:\/\/fmdelpueblo.ar\/index.php?rest_route=\/wp\/v2\/types\/post"}],"replies":[{"embeddable":true,"href":"http:\/\/fmdelpueblo.ar\/index.php?rest_route=%2Fwp%2Fv2%2Fcomments&post=51585"}],"version-history":[{"count":0,"href":"http:\/\/fmdelpueblo.ar\/index.php?rest_route=\/wp\/v2\/posts\/51585\/revisions"}],"wp:attachment":[{"href":"http:\/\/fmdelpueblo.ar\/index.php?rest_route=%2Fwp%2Fv2%2Fmedia&parent=51585"}],"wp:term":[{"taxonomy":"category","embeddable":true,"href":"http:\/\/fmdelpueblo.ar\/index.php?rest_route=%2Fwp%2Fv2%2Fcategories&post=51585"},{"taxonomy":"post_tag","embeddable":true,"href":"http:\/\/fmdelpueblo.ar\/index.php?rest_route=%2Fwp%2Fv2%2Ftags&post=51585"}],"curies":[{"name":"wp","href":"https:\/\/api.w.org\/{rel}","templated":true}]}}