{"id":51582,"date":"2026-09-04T21:08:53","date_gmt":"2026-09-05T00:08:53","guid":{"rendered":"https:\/\/fmdelpueblo.ar\/?p=51582"},"modified":"2026-09-04T21:08:53","modified_gmt":"2026-09-05T00:08:53","slug":"delfi-vilaseca-56-anos-despues-de-34-maratones-se-puede-empezar-todo-a-cualquier-edad-cuidarse-no-es-abstenerse-de-cosas-ni-protegerse-de-la-vida-es-encontrar-un-equilibrio","status":"publish","type":"post","link":"http:\/\/fmdelpueblo.ar\/?p=51582","title":{"rendered":"Delf\u00ed Vilaseca, 56 a\u00f1os, despu\u00e9s de 34 maratones: \u201cSe puede empezar todo a cualquier edad, cuidarse no es abstenerse de cosas ni protegerse de la vida, es encontrar un equilibrio\u201d"},"content":{"rendered":"<p>El vecino de Berga disput\u00f3 su primera marat\u00f3n a los 46 a\u00f1os y ya ha completado 34, una experiencia que ha convertido en un libro solidario sobre esfuerzo, salud y superaci\u00f3n personal.<\/p>","protected":false},"excerpt":{"rendered":"<p>El vecino de Berga disput\u00f3 su primera marat\u00f3n a los 46 a\u00f1os y ya ha completado 34, una experiencia que ha convertido en un libro solidario sobre esfuerzo, salud y superaci\u00f3n personal.<\/p>\n","protected":false},"author":0,"featured_media":0,"comment_status":"","ping_status":"","sticky":false,"template":"","format":"standard","meta":{"footnotes":""},"categories":[1],"tags":[],"class_list":["post-51582","post","type-post","status-publish","format-standard","has-post-thumbnail","hentry","category-sin-categoria"],"_links":{"self":[{"href":"http:\/\/fmdelpueblo.ar\/index.php?rest_route=\/wp\/v2\/posts\/51582","targetHints":{"allow":["GET"]}}],"collection":[{"href":"http:\/\/fmdelpueblo.ar\/index.php?rest_route=\/wp\/v2\/posts"}],"about":[{"href":"http:\/\/fmdelpueblo.ar\/index.php?rest_route=\/wp\/v2\/types\/post"}],"replies":[{"embeddable":true,"href":"http:\/\/fmdelpueblo.ar\/index.php?rest_route=%2Fwp%2Fv2%2Fcomments&post=51582"}],"version-history":[{"count":0,"href":"http:\/\/fmdelpueblo.ar\/index.php?rest_route=\/wp\/v2\/posts\/51582\/revisions"}],"wp:attachment":[{"href":"http:\/\/fmdelpueblo.ar\/index.php?rest_route=%2Fwp%2Fv2%2Fmedia&parent=51582"}],"wp:term":[{"taxonomy":"category","embeddable":true,"href":"http:\/\/fmdelpueblo.ar\/index.php?rest_route=%2Fwp%2Fv2%2Fcategories&post=51582"},{"taxonomy":"post_tag","embeddable":true,"href":"http:\/\/fmdelpueblo.ar\/index.php?rest_route=%2Fwp%2Fv2%2Ftags&post=51582"}],"curies":[{"name":"wp","href":"https:\/\/api.w.org\/{rel}","templated":true}]}}