{"id":51571,"date":"2026-09-04T19:09:05","date_gmt":"2026-09-04T22:09:05","guid":{"rendered":"https:\/\/fmdelpueblo.ar\/?p=51571"},"modified":"2026-09-04T19:09:05","modified_gmt":"2026-09-04T22:09:05","slug":"el-abogado-de-clancy-dice-que-un-miembro-del-jurado-robo-el-juicio","status":"publish","type":"post","link":"http:\/\/fmdelpueblo.ar\/?p=51571","title":{"rendered":"El abogado de Clancy dice que un miembro del jurado \u00abrob\u00f3\u00bb el juicio"},"content":{"rendered":"<p>El juicio por asesinato contra una exenfermera fue declarado nulo tras no lograr un veredicto un\u00e1nime. El abogado defensor critic\u00f3 a un jurado disidente.La defensa argumenta que la acusada no es penalmente responsable por un brote psic\u00f3tico. Se espera una nueva audiencia para definir el futuro del caso.<\/p>","protected":false},"excerpt":{"rendered":"<p>El juicio por asesinato contra una exenfermera fue declarado nulo tras no lograr un veredicto un\u00e1nime. El abogado defensor critic\u00f3 a un jurado disidente.La defensa argumenta que la acusada no es penalmente responsable por un brote psic\u00f3tico. Se espera una nueva audiencia para definir el futuro del caso.<\/p>\n","protected":false},"author":0,"featured_media":0,"comment_status":"","ping_status":"","sticky":false,"template":"","format":"standard","meta":{"footnotes":""},"categories":[1],"tags":[],"class_list":["post-51571","post","type-post","status-publish","format-standard","has-post-thumbnail","hentry","category-sin-categoria"],"_links":{"self":[{"href":"http:\/\/fmdelpueblo.ar\/index.php?rest_route=\/wp\/v2\/posts\/51571","targetHints":{"allow":["GET"]}}],"collection":[{"href":"http:\/\/fmdelpueblo.ar\/index.php?rest_route=\/wp\/v2\/posts"}],"about":[{"href":"http:\/\/fmdelpueblo.ar\/index.php?rest_route=\/wp\/v2\/types\/post"}],"replies":[{"embeddable":true,"href":"http:\/\/fmdelpueblo.ar\/index.php?rest_route=%2Fwp%2Fv2%2Fcomments&post=51571"}],"version-history":[{"count":0,"href":"http:\/\/fmdelpueblo.ar\/index.php?rest_route=\/wp\/v2\/posts\/51571\/revisions"}],"wp:attachment":[{"href":"http:\/\/fmdelpueblo.ar\/index.php?rest_route=%2Fwp%2Fv2%2Fmedia&parent=51571"}],"wp:term":[{"taxonomy":"category","embeddable":true,"href":"http:\/\/fmdelpueblo.ar\/index.php?rest_route=%2Fwp%2Fv2%2Fcategories&post=51571"},{"taxonomy":"post_tag","embeddable":true,"href":"http:\/\/fmdelpueblo.ar\/index.php?rest_route=%2Fwp%2Fv2%2Ftags&post=51571"}],"curies":[{"name":"wp","href":"https:\/\/api.w.org\/{rel}","templated":true}]}}