{"id":51569,"date":"2026-09-04T19:09:04","date_gmt":"2026-09-04T22:09:04","guid":{"rendered":"https:\/\/fmdelpueblo.ar\/?p=51569"},"modified":"2026-09-04T19:09:04","modified_gmt":"2026-09-04T22:09:04","slug":"vtv-y-multas-de-transito-mas-caras-en-cuanto-quedan-desde-septiembre-2026","status":"publish","type":"post","link":"http:\/\/fmdelpueblo.ar\/?p=51569","title":{"rendered":"VTV y multas de tr\u00e1nsito m\u00e1s caras: en cu\u00e1nto quedan desde septiembre 2026"},"content":{"rendered":"<p>El monto de las multas se determina en Unidades Fijas (UF).La VTV mantiene sus valores vigentes desde abril en CABA y desde enero en territorio bonaerense. <\/p>","protected":false},"excerpt":{"rendered":"<p>El monto de las multas se determina en Unidades Fijas (UF).La VTV mantiene sus valores vigentes desde abril en CABA y desde enero en territorio bonaerense.<\/p>\n","protected":false},"author":0,"featured_media":0,"comment_status":"","ping_status":"","sticky":false,"template":"","format":"standard","meta":{"footnotes":""},"categories":[1],"tags":[],"class_list":["post-51569","post","type-post","status-publish","format-standard","has-post-thumbnail","hentry","category-sin-categoria"],"_links":{"self":[{"href":"http:\/\/fmdelpueblo.ar\/index.php?rest_route=\/wp\/v2\/posts\/51569","targetHints":{"allow":["GET"]}}],"collection":[{"href":"http:\/\/fmdelpueblo.ar\/index.php?rest_route=\/wp\/v2\/posts"}],"about":[{"href":"http:\/\/fmdelpueblo.ar\/index.php?rest_route=\/wp\/v2\/types\/post"}],"replies":[{"embeddable":true,"href":"http:\/\/fmdelpueblo.ar\/index.php?rest_route=%2Fwp%2Fv2%2Fcomments&post=51569"}],"version-history":[{"count":0,"href":"http:\/\/fmdelpueblo.ar\/index.php?rest_route=\/wp\/v2\/posts\/51569\/revisions"}],"wp:attachment":[{"href":"http:\/\/fmdelpueblo.ar\/index.php?rest_route=%2Fwp%2Fv2%2Fmedia&parent=51569"}],"wp:term":[{"taxonomy":"category","embeddable":true,"href":"http:\/\/fmdelpueblo.ar\/index.php?rest_route=%2Fwp%2Fv2%2Fcategories&post=51569"},{"taxonomy":"post_tag","embeddable":true,"href":"http:\/\/fmdelpueblo.ar\/index.php?rest_route=%2Fwp%2Fv2%2Ftags&post=51569"}],"curies":[{"name":"wp","href":"https:\/\/api.w.org\/{rel}","templated":true}]}}