{"id":51563,"date":"2026-09-04T19:08:59","date_gmt":"2026-09-04T22:08:59","guid":{"rendered":"https:\/\/fmdelpueblo.ar\/?p=51563"},"modified":"2026-09-04T19:08:59","modified_gmt":"2026-09-04T22:08:59","slug":"anses-semana-del-07-al-11-estas-son-las-fechas-de-cobro-para-jubilados-y-pensionados-en-septiembre-de-2026","status":"publish","type":"post","link":"http:\/\/fmdelpueblo.ar\/?p=51563","title":{"rendered":"ANSeS semana del 07 al 11: estas son las fechas de cobro para jubilados y pensionados en septiembre de 2026"},"content":{"rendered":"<p>La ANSeS dio a conocer el cronograma de pagos para la segunda semana de septiembre.Jubilados y pensionados: qui\u00e9nes cobran entre el 07 y el 11 y qu\u00e9 d\u00eda corresponde seg\u00fan el DNI.<\/p>","protected":false},"excerpt":{"rendered":"<p>La ANSeS dio a conocer el cronograma de pagos para la segunda semana de septiembre.Jubilados y pensionados: qui\u00e9nes cobran entre el 07 y el 11 y qu\u00e9 d\u00eda corresponde seg\u00fan el DNI.<\/p>\n","protected":false},"author":0,"featured_media":0,"comment_status":"","ping_status":"","sticky":false,"template":"","format":"standard","meta":{"footnotes":""},"categories":[1],"tags":[],"class_list":["post-51563","post","type-post","status-publish","format-standard","has-post-thumbnail","hentry","category-sin-categoria"],"_links":{"self":[{"href":"http:\/\/fmdelpueblo.ar\/index.php?rest_route=\/wp\/v2\/posts\/51563","targetHints":{"allow":["GET"]}}],"collection":[{"href":"http:\/\/fmdelpueblo.ar\/index.php?rest_route=\/wp\/v2\/posts"}],"about":[{"href":"http:\/\/fmdelpueblo.ar\/index.php?rest_route=\/wp\/v2\/types\/post"}],"replies":[{"embeddable":true,"href":"http:\/\/fmdelpueblo.ar\/index.php?rest_route=%2Fwp%2Fv2%2Fcomments&post=51563"}],"version-history":[{"count":0,"href":"http:\/\/fmdelpueblo.ar\/index.php?rest_route=\/wp\/v2\/posts\/51563\/revisions"}],"wp:attachment":[{"href":"http:\/\/fmdelpueblo.ar\/index.php?rest_route=%2Fwp%2Fv2%2Fmedia&parent=51563"}],"wp:term":[{"taxonomy":"category","embeddable":true,"href":"http:\/\/fmdelpueblo.ar\/index.php?rest_route=%2Fwp%2Fv2%2Fcategories&post=51563"},{"taxonomy":"post_tag","embeddable":true,"href":"http:\/\/fmdelpueblo.ar\/index.php?rest_route=%2Fwp%2Fv2%2Ftags&post=51563"}],"curies":[{"name":"wp","href":"https:\/\/api.w.org\/{rel}","templated":true}]}}