{"id":51562,"date":"2026-09-04T18:09:10","date_gmt":"2026-09-04T21:09:10","guid":{"rendered":"https:\/\/fmdelpueblo.ar\/?p=51562"},"modified":"2026-09-04T18:09:10","modified_gmt":"2026-09-04T21:09:10","slug":"trump-dice-que-sus-enviados-a-ucrania-viajan-con-un-plan-para-acabar-con-la-guerra-con-rusia","status":"publish","type":"post","link":"http:\/\/fmdelpueblo.ar\/?p=51562","title":{"rendered":"Trump dice que sus enviados a Ucrania viajan con un plan para \u00abacabar con la guerra\u00bb con Rusia"},"content":{"rendered":"<p>Trump env\u00eda a Kushner y Witkoff a Mosc\u00fa y Kiev con una propuesta de paz para Ucrania, buscando terminar un conflicto de cuatro a\u00f1os. Zelenski propone un alto el fuego durante las visitas, mientras Trump minimiza tensiones recientes con Rusia, atribuyendo el conflicto a l\u00edderes.<\/p>","protected":false},"excerpt":{"rendered":"<p>Trump env\u00eda a Kushner y Witkoff a Mosc\u00fa y Kiev con una propuesta de paz para Ucrania, buscando terminar un conflicto de cuatro a\u00f1os. Zelenski propone un alto el fuego durante las visitas, mientras Trump minimiza tensiones recientes con Rusia, atribuyendo el conflicto a l\u00edderes.<\/p>\n","protected":false},"author":0,"featured_media":0,"comment_status":"","ping_status":"","sticky":false,"template":"","format":"standard","meta":{"footnotes":""},"categories":[1],"tags":[],"class_list":["post-51562","post","type-post","status-publish","format-standard","has-post-thumbnail","hentry","category-sin-categoria"],"_links":{"self":[{"href":"http:\/\/fmdelpueblo.ar\/index.php?rest_route=\/wp\/v2\/posts\/51562","targetHints":{"allow":["GET"]}}],"collection":[{"href":"http:\/\/fmdelpueblo.ar\/index.php?rest_route=\/wp\/v2\/posts"}],"about":[{"href":"http:\/\/fmdelpueblo.ar\/index.php?rest_route=\/wp\/v2\/types\/post"}],"replies":[{"embeddable":true,"href":"http:\/\/fmdelpueblo.ar\/index.php?rest_route=%2Fwp%2Fv2%2Fcomments&post=51562"}],"version-history":[{"count":0,"href":"http:\/\/fmdelpueblo.ar\/index.php?rest_route=\/wp\/v2\/posts\/51562\/revisions"}],"wp:attachment":[{"href":"http:\/\/fmdelpueblo.ar\/index.php?rest_route=%2Fwp%2Fv2%2Fmedia&parent=51562"}],"wp:term":[{"taxonomy":"category","embeddable":true,"href":"http:\/\/fmdelpueblo.ar\/index.php?rest_route=%2Fwp%2Fv2%2Fcategories&post=51562"},{"taxonomy":"post_tag","embeddable":true,"href":"http:\/\/fmdelpueblo.ar\/index.php?rest_route=%2Fwp%2Fv2%2Ftags&post=51562"}],"curies":[{"name":"wp","href":"https:\/\/api.w.org\/{rel}","templated":true}]}}