{"id":51561,"date":"2026-09-04T18:09:10","date_gmt":"2026-09-04T21:09:10","guid":{"rendered":"https:\/\/fmdelpueblo.ar\/?p=51561"},"modified":"2026-09-04T18:09:10","modified_gmt":"2026-09-04T21:09:10","slug":"la-cadena-de-milei-se-metio-en-la-politica-interna-britanica-y-boris-johnson-pidio-enviar-refuerzos-a-las-malvinas","status":"publish","type":"post","link":"http:\/\/fmdelpueblo.ar\/?p=51561","title":{"rendered":"La cadena de Milei se meti\u00f3 en la pol\u00edtica interna brit\u00e1nica y Boris Johnson pidi\u00f3 \u00abenviar refuerzos a las Malvinas\u00bb"},"content":{"rendered":"<p>El exprimer ministro calific\u00f3 al Presidente como \u00abangl\u00f3filo y admirador de Thatcher\u00bb y desestim\u00f3 que quiera un conflicto con el Reino Unido.Adem\u00e1s, el populista Nigel Farage apunt\u00f3 contra el actual premier Andy Burnham: asegur\u00f3 que Milei \u00abvio una brecha abierta\u00bb por el caso de Chagos.<\/p>","protected":false},"excerpt":{"rendered":"<p>El exprimer ministro calific\u00f3 al Presidente como \u00abangl\u00f3filo y admirador de Thatcher\u00bb y desestim\u00f3 que quiera un conflicto con el Reino Unido.Adem\u00e1s, el populista Nigel Farage apunt\u00f3 contra el actual premier Andy Burnham: asegur\u00f3 que Milei \u00abvio una brecha abierta\u00bb por el caso de Chagos.<\/p>\n","protected":false},"author":0,"featured_media":0,"comment_status":"","ping_status":"","sticky":false,"template":"","format":"standard","meta":{"footnotes":""},"categories":[1],"tags":[],"class_list":["post-51561","post","type-post","status-publish","format-standard","has-post-thumbnail","hentry","category-sin-categoria"],"_links":{"self":[{"href":"http:\/\/fmdelpueblo.ar\/index.php?rest_route=\/wp\/v2\/posts\/51561","targetHints":{"allow":["GET"]}}],"collection":[{"href":"http:\/\/fmdelpueblo.ar\/index.php?rest_route=\/wp\/v2\/posts"}],"about":[{"href":"http:\/\/fmdelpueblo.ar\/index.php?rest_route=\/wp\/v2\/types\/post"}],"replies":[{"embeddable":true,"href":"http:\/\/fmdelpueblo.ar\/index.php?rest_route=%2Fwp%2Fv2%2Fcomments&post=51561"}],"version-history":[{"count":0,"href":"http:\/\/fmdelpueblo.ar\/index.php?rest_route=\/wp\/v2\/posts\/51561\/revisions"}],"wp:attachment":[{"href":"http:\/\/fmdelpueblo.ar\/index.php?rest_route=%2Fwp%2Fv2%2Fmedia&parent=51561"}],"wp:term":[{"taxonomy":"category","embeddable":true,"href":"http:\/\/fmdelpueblo.ar\/index.php?rest_route=%2Fwp%2Fv2%2Fcategories&post=51561"},{"taxonomy":"post_tag","embeddable":true,"href":"http:\/\/fmdelpueblo.ar\/index.php?rest_route=%2Fwp%2Fv2%2Ftags&post=51561"}],"curies":[{"name":"wp","href":"https:\/\/api.w.org\/{rel}","templated":true}]}}