{"id":51533,"date":"2026-09-04T15:08:57","date_gmt":"2026-09-04T18:08:57","guid":{"rendered":"https:\/\/fmdelpueblo.ar\/?p=51533"},"modified":"2026-09-04T15:08:57","modified_gmt":"2026-09-04T18:08:57","slug":"republica-folklore-el-primer-festival-de-musica-nativa-en-la-ciudad-de-buenos-airesya-tiene-su-grilla-dia-por-dia-cuando-tocan-el-chaqueno-palavecino-la-sole-y-cazzu-y-como-comprar-las-entradas","status":"publish","type":"post","link":"http:\/\/fmdelpueblo.ar\/?p=51533","title":{"rendered":"Rep\u00fablica Folklore, el primer festival de m\u00fasica nativa en la Ciudad de Buenos Aires,ya tiene su grilla d\u00eda por d\u00eda: cu\u00e1ndo tocan el Chaque\u00f1o Palavecino, La Sole y Cazzu y c\u00f3mo comprar las entradas"},"content":{"rendered":"<p>El evento se llevar\u00e1 a cabo el 21 y 22 de noviembre en el Parque de la Ciudad de Buenos Aires y busca traer la tradici\u00f3n del interior del pa\u00eds a la capital porte\u00f1a.Los m\u00e1s grandes del g\u00e9nero en dos d\u00edas, en tres escenarios.<\/p>","protected":false},"excerpt":{"rendered":"<p>El evento se llevar\u00e1 a cabo el 21 y 22 de noviembre en el Parque de la Ciudad de Buenos Aires y busca traer la tradici\u00f3n del interior del pa\u00eds a la capital porte\u00f1a.Los m\u00e1s grandes del g\u00e9nero en dos d\u00edas, en tres escenarios.<\/p>\n","protected":false},"author":0,"featured_media":0,"comment_status":"","ping_status":"","sticky":false,"template":"","format":"standard","meta":{"footnotes":""},"categories":[1],"tags":[],"class_list":["post-51533","post","type-post","status-publish","format-standard","has-post-thumbnail","hentry","category-sin-categoria"],"_links":{"self":[{"href":"http:\/\/fmdelpueblo.ar\/index.php?rest_route=\/wp\/v2\/posts\/51533","targetHints":{"allow":["GET"]}}],"collection":[{"href":"http:\/\/fmdelpueblo.ar\/index.php?rest_route=\/wp\/v2\/posts"}],"about":[{"href":"http:\/\/fmdelpueblo.ar\/index.php?rest_route=\/wp\/v2\/types\/post"}],"replies":[{"embeddable":true,"href":"http:\/\/fmdelpueblo.ar\/index.php?rest_route=%2Fwp%2Fv2%2Fcomments&post=51533"}],"version-history":[{"count":0,"href":"http:\/\/fmdelpueblo.ar\/index.php?rest_route=\/wp\/v2\/posts\/51533\/revisions"}],"wp:attachment":[{"href":"http:\/\/fmdelpueblo.ar\/index.php?rest_route=%2Fwp%2Fv2%2Fmedia&parent=51533"}],"wp:term":[{"taxonomy":"category","embeddable":true,"href":"http:\/\/fmdelpueblo.ar\/index.php?rest_route=%2Fwp%2Fv2%2Fcategories&post=51533"},{"taxonomy":"post_tag","embeddable":true,"href":"http:\/\/fmdelpueblo.ar\/index.php?rest_route=%2Fwp%2Fv2%2Ftags&post=51533"}],"curies":[{"name":"wp","href":"https:\/\/api.w.org\/{rel}","templated":true}]}}