{"id":51532,"date":"2026-09-04T15:08:57","date_gmt":"2026-09-04T18:08:57","guid":{"rendered":"https:\/\/fmdelpueblo.ar\/?p=51532"},"modified":"2026-09-04T15:08:57","modified_gmt":"2026-09-04T18:08:57","slug":"encontraron-con-vida-a-mariano-martinez-el-joven-estudiante-de-arquitectura-que-estaba-desaparecido","status":"publish","type":"post","link":"http:\/\/fmdelpueblo.ar\/?p=51532","title":{"rendered":"Encontraron con vida a Mariano Mart\u00ednez, el joven estudiante de Arquitectura que estaba desaparecido"},"content":{"rendered":"<p>Al joven de 21 a\u00f1os lo hallaron \u00aben perfecto estado de salud\u00bb en C\u00f3rdoba, donde hab\u00eda quedado grabado por c\u00e1maras de seguridad.Qu\u00e9 dijo el Gobierno cordob\u00e9s.<\/p>","protected":false},"excerpt":{"rendered":"<p>Al joven de 21 a\u00f1os lo hallaron \u00aben perfecto estado de salud\u00bb en C\u00f3rdoba, donde hab\u00eda quedado grabado por c\u00e1maras de seguridad.Qu\u00e9 dijo el Gobierno cordob\u00e9s.<\/p>\n","protected":false},"author":0,"featured_media":0,"comment_status":"","ping_status":"","sticky":false,"template":"","format":"standard","meta":{"footnotes":""},"categories":[1],"tags":[],"class_list":["post-51532","post","type-post","status-publish","format-standard","has-post-thumbnail","hentry","category-sin-categoria"],"_links":{"self":[{"href":"http:\/\/fmdelpueblo.ar\/index.php?rest_route=\/wp\/v2\/posts\/51532","targetHints":{"allow":["GET"]}}],"collection":[{"href":"http:\/\/fmdelpueblo.ar\/index.php?rest_route=\/wp\/v2\/posts"}],"about":[{"href":"http:\/\/fmdelpueblo.ar\/index.php?rest_route=\/wp\/v2\/types\/post"}],"replies":[{"embeddable":true,"href":"http:\/\/fmdelpueblo.ar\/index.php?rest_route=%2Fwp%2Fv2%2Fcomments&post=51532"}],"version-history":[{"count":0,"href":"http:\/\/fmdelpueblo.ar\/index.php?rest_route=\/wp\/v2\/posts\/51532\/revisions"}],"wp:attachment":[{"href":"http:\/\/fmdelpueblo.ar\/index.php?rest_route=%2Fwp%2Fv2%2Fmedia&parent=51532"}],"wp:term":[{"taxonomy":"category","embeddable":true,"href":"http:\/\/fmdelpueblo.ar\/index.php?rest_route=%2Fwp%2Fv2%2Fcategories&post=51532"},{"taxonomy":"post_tag","embeddable":true,"href":"http:\/\/fmdelpueblo.ar\/index.php?rest_route=%2Fwp%2Fv2%2Ftags&post=51532"}],"curies":[{"name":"wp","href":"https:\/\/api.w.org\/{rel}","templated":true}]}}