{"id":51531,"date":"2026-09-04T15:08:56","date_gmt":"2026-09-04T18:08:56","guid":{"rendered":"https:\/\/fmdelpueblo.ar\/?p=51531"},"modified":"2026-09-04T15:08:56","modified_gmt":"2026-09-04T18:08:56","slug":"pase-cultural-para-jubilados-en-septiembre-que-es-como-inscribirse-y-como-saber-la-agenda-semanal","status":"publish","type":"post","link":"http:\/\/fmdelpueblo.ar\/?p=51531","title":{"rendered":"Pase cultural para jubilados en septiembre: qu\u00e9 es, c\u00f3mo inscribirse y c\u00f3mo saber la agenda semanal"},"content":{"rendered":"<p>El programa cultural de la Ciudad de Buenos Aires ofrece una tarjeta con saldo, descuentos y actividades especiales para jubilados y pensionados.Qui\u00e9nes pueden acceder, qu\u00e9 documentaci\u00f3n deben presentar y c\u00f3mo consultar la agenda de actividades del Pase Cultural para adultos mayores.<\/p>","protected":false},"excerpt":{"rendered":"<p>El programa cultural de la Ciudad de Buenos Aires ofrece una tarjeta con saldo, descuentos y actividades especiales para jubilados y pensionados.Qui\u00e9nes pueden acceder, qu\u00e9 documentaci\u00f3n deben presentar y c\u00f3mo consultar la agenda de actividades del Pase Cultural para adultos mayores.<\/p>\n","protected":false},"author":0,"featured_media":0,"comment_status":"","ping_status":"","sticky":false,"template":"","format":"standard","meta":{"footnotes":""},"categories":[1],"tags":[],"class_list":["post-51531","post","type-post","status-publish","format-standard","has-post-thumbnail","hentry","category-sin-categoria"],"_links":{"self":[{"href":"http:\/\/fmdelpueblo.ar\/index.php?rest_route=\/wp\/v2\/posts\/51531","targetHints":{"allow":["GET"]}}],"collection":[{"href":"http:\/\/fmdelpueblo.ar\/index.php?rest_route=\/wp\/v2\/posts"}],"about":[{"href":"http:\/\/fmdelpueblo.ar\/index.php?rest_route=\/wp\/v2\/types\/post"}],"replies":[{"embeddable":true,"href":"http:\/\/fmdelpueblo.ar\/index.php?rest_route=%2Fwp%2Fv2%2Fcomments&post=51531"}],"version-history":[{"count":0,"href":"http:\/\/fmdelpueblo.ar\/index.php?rest_route=\/wp\/v2\/posts\/51531\/revisions"}],"wp:attachment":[{"href":"http:\/\/fmdelpueblo.ar\/index.php?rest_route=%2Fwp%2Fv2%2Fmedia&parent=51531"}],"wp:term":[{"taxonomy":"category","embeddable":true,"href":"http:\/\/fmdelpueblo.ar\/index.php?rest_route=%2Fwp%2Fv2%2Fcategories&post=51531"},{"taxonomy":"post_tag","embeddable":true,"href":"http:\/\/fmdelpueblo.ar\/index.php?rest_route=%2Fwp%2Fv2%2Ftags&post=51531"}],"curies":[{"name":"wp","href":"https:\/\/api.w.org\/{rel}","templated":true}]}}