{"id":51529,"date":"2026-09-04T15:08:55","date_gmt":"2026-09-04T18:08:55","guid":{"rendered":"https:\/\/fmdelpueblo.ar\/?p=51529"},"modified":"2026-09-04T15:08:55","modified_gmt":"2026-09-04T18:08:55","slug":"la-suba-de-los-granos-mejora-el-aporte-del-agro-al-estado-se-esperan-35-200-millones-de-dolares","status":"publish","type":"post","link":"http:\/\/fmdelpueblo.ar\/?p=51529","title":{"rendered":"La suba de los granos mejora el aporte del agro al Estado: se esperan 35.200 millones de d\u00f3lares"},"content":{"rendered":"<p>La recuperaci\u00f3n de los precios internacionales y un flujo de exportaciones firme permiten proyectar un cierre de a\u00f1o con mayores ingresos para el sector.La liquidaci\u00f3n acumulada hasta agosto se encuentra por debajo de la registrada en igual per\u00edodo de 2025.<\/p>","protected":false},"excerpt":{"rendered":"<p>La recuperaci\u00f3n de los precios internacionales y un flujo de exportaciones firme permiten proyectar un cierre de a\u00f1o con mayores ingresos para el sector.La liquidaci\u00f3n acumulada hasta agosto se encuentra por debajo de la registrada en igual per\u00edodo de 2025.<\/p>\n","protected":false},"author":0,"featured_media":0,"comment_status":"","ping_status":"","sticky":false,"template":"","format":"standard","meta":{"footnotes":""},"categories":[1],"tags":[],"class_list":["post-51529","post","type-post","status-publish","format-standard","has-post-thumbnail","hentry","category-sin-categoria"],"_links":{"self":[{"href":"http:\/\/fmdelpueblo.ar\/index.php?rest_route=\/wp\/v2\/posts\/51529","targetHints":{"allow":["GET"]}}],"collection":[{"href":"http:\/\/fmdelpueblo.ar\/index.php?rest_route=\/wp\/v2\/posts"}],"about":[{"href":"http:\/\/fmdelpueblo.ar\/index.php?rest_route=\/wp\/v2\/types\/post"}],"replies":[{"embeddable":true,"href":"http:\/\/fmdelpueblo.ar\/index.php?rest_route=%2Fwp%2Fv2%2Fcomments&post=51529"}],"version-history":[{"count":0,"href":"http:\/\/fmdelpueblo.ar\/index.php?rest_route=\/wp\/v2\/posts\/51529\/revisions"}],"wp:attachment":[{"href":"http:\/\/fmdelpueblo.ar\/index.php?rest_route=%2Fwp%2Fv2%2Fmedia&parent=51529"}],"wp:term":[{"taxonomy":"category","embeddable":true,"href":"http:\/\/fmdelpueblo.ar\/index.php?rest_route=%2Fwp%2Fv2%2Fcategories&post=51529"},{"taxonomy":"post_tag","embeddable":true,"href":"http:\/\/fmdelpueblo.ar\/index.php?rest_route=%2Fwp%2Fv2%2Ftags&post=51529"}],"curies":[{"name":"wp","href":"https:\/\/api.w.org\/{rel}","templated":true}]}}