{"id":51526,"date":"2026-09-04T15:08:53","date_gmt":"2026-09-04T18:08:53","guid":{"rendered":"https:\/\/fmdelpueblo.ar\/?p=51526"},"modified":"2026-09-04T15:08:53","modified_gmt":"2026-09-04T18:08:53","slug":"la-exsecretaria-de-trabajo-de-trump-bebia-en-el-trabajo-y-malverso-fondos-segun-informe","status":"publish","type":"post","link":"http:\/\/fmdelpueblo.ar\/?p=51526","title":{"rendered":"La exsecretaria de Trabajo de Trump beb\u00eda en el trabajo y malvers\u00f3 fondos, seg\u00fan informe"},"content":{"rendered":"<p>Una pesquisa del Departamento de Trabajo de EE.UU. expone que la exsecretaria cometi\u00f3 abusos de poder y malversaci\u00f3n de fondos p\u00fablicos.El informe detalla un entorno laboral hostil, uso indebido de recursos y regalos no reportados, lo que llev\u00f3 a su destituci\u00f3n en abril.<\/p>","protected":false},"excerpt":{"rendered":"<p>Una pesquisa del Departamento de Trabajo de EE.UU. expone que la exsecretaria cometi\u00f3 abusos de poder y malversaci\u00f3n de fondos p\u00fablicos.El informe detalla un entorno laboral hostil, uso indebido de recursos y regalos no reportados, lo que llev\u00f3 a su destituci\u00f3n en abril.<\/p>\n","protected":false},"author":0,"featured_media":0,"comment_status":"","ping_status":"","sticky":false,"template":"","format":"standard","meta":{"footnotes":""},"categories":[1],"tags":[],"class_list":["post-51526","post","type-post","status-publish","format-standard","has-post-thumbnail","hentry","category-sin-categoria"],"_links":{"self":[{"href":"http:\/\/fmdelpueblo.ar\/index.php?rest_route=\/wp\/v2\/posts\/51526","targetHints":{"allow":["GET"]}}],"collection":[{"href":"http:\/\/fmdelpueblo.ar\/index.php?rest_route=\/wp\/v2\/posts"}],"about":[{"href":"http:\/\/fmdelpueblo.ar\/index.php?rest_route=\/wp\/v2\/types\/post"}],"replies":[{"embeddable":true,"href":"http:\/\/fmdelpueblo.ar\/index.php?rest_route=%2Fwp%2Fv2%2Fcomments&post=51526"}],"version-history":[{"count":0,"href":"http:\/\/fmdelpueblo.ar\/index.php?rest_route=\/wp\/v2\/posts\/51526\/revisions"}],"wp:attachment":[{"href":"http:\/\/fmdelpueblo.ar\/index.php?rest_route=%2Fwp%2Fv2%2Fmedia&parent=51526"}],"wp:term":[{"taxonomy":"category","embeddable":true,"href":"http:\/\/fmdelpueblo.ar\/index.php?rest_route=%2Fwp%2Fv2%2Fcategories&post=51526"},{"taxonomy":"post_tag","embeddable":true,"href":"http:\/\/fmdelpueblo.ar\/index.php?rest_route=%2Fwp%2Fv2%2Ftags&post=51526"}],"curies":[{"name":"wp","href":"https:\/\/api.w.org\/{rel}","templated":true}]}}