{"id":51522,"date":"2026-09-04T14:09:17","date_gmt":"2026-09-04T17:09:17","guid":{"rendered":"https:\/\/fmdelpueblo.ar\/?p=51522"},"modified":"2026-09-04T14:09:17","modified_gmt":"2026-09-04T17:09:17","slug":"miriam-ruiz-psicologa-no-necesitamos-que-haya-ocurrido-una-gran-tragedia-para-estar-mal-a-veces-hay-cansancio-acumulado-y-necesidades-que-hemos-ignorado","status":"publish","type":"post","link":"http:\/\/fmdelpueblo.ar\/?p=51522","title":{"rendered":"Miriam Ruiz, psic\u00f3loga: \u00abNo necesitamos que haya ocurrido una gran tragedia para estar mal; a veces hay cansancio acumulado y necesidades que hemos ignorado\u00bb"},"content":{"rendered":"<p>La especialista que la sensaci\u00f3n de agotamiento y desmotivaci\u00f3n sin raz\u00f3n aparente es uno de los principales motivos de consulta. Adem\u00e1s, advierte que hay que observar cu\u00e1nto dura ese estado y hasta qu\u00e9 punto afecta la vida cotidiana.<\/p>","protected":false},"excerpt":{"rendered":"<p>La especialista que la sensaci\u00f3n de agotamiento y desmotivaci\u00f3n sin raz\u00f3n aparente es uno de los principales motivos de consulta. Adem\u00e1s, advierte que hay que observar cu\u00e1nto dura ese estado y hasta qu\u00e9 punto afecta la vida cotidiana.<\/p>\n","protected":false},"author":0,"featured_media":0,"comment_status":"","ping_status":"","sticky":false,"template":"","format":"standard","meta":{"footnotes":""},"categories":[1],"tags":[],"class_list":["post-51522","post","type-post","status-publish","format-standard","has-post-thumbnail","hentry","category-sin-categoria"],"_links":{"self":[{"href":"http:\/\/fmdelpueblo.ar\/index.php?rest_route=\/wp\/v2\/posts\/51522","targetHints":{"allow":["GET"]}}],"collection":[{"href":"http:\/\/fmdelpueblo.ar\/index.php?rest_route=\/wp\/v2\/posts"}],"about":[{"href":"http:\/\/fmdelpueblo.ar\/index.php?rest_route=\/wp\/v2\/types\/post"}],"replies":[{"embeddable":true,"href":"http:\/\/fmdelpueblo.ar\/index.php?rest_route=%2Fwp%2Fv2%2Fcomments&post=51522"}],"version-history":[{"count":0,"href":"http:\/\/fmdelpueblo.ar\/index.php?rest_route=\/wp\/v2\/posts\/51522\/revisions"}],"wp:attachment":[{"href":"http:\/\/fmdelpueblo.ar\/index.php?rest_route=%2Fwp%2Fv2%2Fmedia&parent=51522"}],"wp:term":[{"taxonomy":"category","embeddable":true,"href":"http:\/\/fmdelpueblo.ar\/index.php?rest_route=%2Fwp%2Fv2%2Fcategories&post=51522"},{"taxonomy":"post_tag","embeddable":true,"href":"http:\/\/fmdelpueblo.ar\/index.php?rest_route=%2Fwp%2Fv2%2Ftags&post=51522"}],"curies":[{"name":"wp","href":"https:\/\/api.w.org\/{rel}","templated":true}]}}