{"id":51521,"date":"2026-09-04T14:09:16","date_gmt":"2026-09-04T17:09:16","guid":{"rendered":"https:\/\/fmdelpueblo.ar\/?p=51521"},"modified":"2026-09-04T14:09:16","modified_gmt":"2026-09-04T17:09:16","slug":"las-motos-nuevas-crecen-36-y-las-usadas-6-el-mercado-que-se-mueve-de-un-solo-lado","status":"publish","type":"post","link":"http:\/\/fmdelpueblo.ar\/?p=51521","title":{"rendered":"Las motos nuevas crecen 36% y las usadas 6%: el mercado que se mueve de un solo lado"},"content":{"rendered":"<p>En agosto se patentaron 75.236 motos 0 km y se transfirieron 43.247 usadas.En comparaci\u00f3n con un a\u00f1o atr\u00e1s, de cada diez operaciones que el mercado sum\u00f3, nueve son de motos nuevas.En agosto se patentaron 1,7 motos por cada automotor 0 km.<\/p>","protected":false},"excerpt":{"rendered":"<p>En agosto se patentaron 75.236 motos 0 km y se transfirieron 43.247 usadas.En comparaci\u00f3n con un a\u00f1o atr\u00e1s, de cada diez operaciones que el mercado sum\u00f3, nueve son de motos nuevas.En agosto se patentaron 1,7 motos por cada automotor 0 km.<\/p>\n","protected":false},"author":0,"featured_media":0,"comment_status":"","ping_status":"","sticky":false,"template":"","format":"standard","meta":{"footnotes":""},"categories":[1],"tags":[],"class_list":["post-51521","post","type-post","status-publish","format-standard","has-post-thumbnail","hentry","category-sin-categoria"],"_links":{"self":[{"href":"http:\/\/fmdelpueblo.ar\/index.php?rest_route=\/wp\/v2\/posts\/51521","targetHints":{"allow":["GET"]}}],"collection":[{"href":"http:\/\/fmdelpueblo.ar\/index.php?rest_route=\/wp\/v2\/posts"}],"about":[{"href":"http:\/\/fmdelpueblo.ar\/index.php?rest_route=\/wp\/v2\/types\/post"}],"replies":[{"embeddable":true,"href":"http:\/\/fmdelpueblo.ar\/index.php?rest_route=%2Fwp%2Fv2%2Fcomments&post=51521"}],"version-history":[{"count":0,"href":"http:\/\/fmdelpueblo.ar\/index.php?rest_route=\/wp\/v2\/posts\/51521\/revisions"}],"wp:attachment":[{"href":"http:\/\/fmdelpueblo.ar\/index.php?rest_route=%2Fwp%2Fv2%2Fmedia&parent=51521"}],"wp:term":[{"taxonomy":"category","embeddable":true,"href":"http:\/\/fmdelpueblo.ar\/index.php?rest_route=%2Fwp%2Fv2%2Fcategories&post=51521"},{"taxonomy":"post_tag","embeddable":true,"href":"http:\/\/fmdelpueblo.ar\/index.php?rest_route=%2Fwp%2Fv2%2Ftags&post=51521"}],"curies":[{"name":"wp","href":"https:\/\/api.w.org\/{rel}","templated":true}]}}