{"id":51517,"date":"2026-09-04T14:09:14","date_gmt":"2026-09-04T17:09:14","guid":{"rendered":"https:\/\/fmdelpueblo.ar\/?p=51517"},"modified":"2026-09-04T14:09:14","modified_gmt":"2026-09-04T17:09:14","slug":"nueva-embajadora-de-paraguay-espera-convertir-idilio-con-eeuu-en-agenda-de-largo-alcance","status":"publish","type":"post","link":"http:\/\/fmdelpueblo.ar\/?p=51517","title":{"rendered":"Nueva embajadora de Paraguay espera convertir \u00abidilio\u00bb con EEUU en agenda de largo alcance"},"content":{"rendered":"<p>La nueva representante de Paraguay en EE.UU., tras asumir, busca transformar el actual v\u00ednculo positivo en una agenda estable y duradera.Enfocar\u00e1 su gesti\u00f3n en pol\u00edtica, econom\u00eda, seguridad y educaci\u00f3n, consolidando relaciones y beneficiando a comunidades paraguayas.<\/p>","protected":false},"excerpt":{"rendered":"<p>La nueva representante de Paraguay en EE.UU., tras asumir, busca transformar el actual v\u00ednculo positivo en una agenda estable y duradera.Enfocar\u00e1 su gesti\u00f3n en pol\u00edtica, econom\u00eda, seguridad y educaci\u00f3n, consolidando relaciones y beneficiando a comunidades paraguayas.<\/p>\n","protected":false},"author":0,"featured_media":0,"comment_status":"","ping_status":"","sticky":false,"template":"","format":"standard","meta":{"footnotes":""},"categories":[1],"tags":[],"class_list":["post-51517","post","type-post","status-publish","format-standard","has-post-thumbnail","hentry","category-sin-categoria"],"_links":{"self":[{"href":"http:\/\/fmdelpueblo.ar\/index.php?rest_route=\/wp\/v2\/posts\/51517","targetHints":{"allow":["GET"]}}],"collection":[{"href":"http:\/\/fmdelpueblo.ar\/index.php?rest_route=\/wp\/v2\/posts"}],"about":[{"href":"http:\/\/fmdelpueblo.ar\/index.php?rest_route=\/wp\/v2\/types\/post"}],"replies":[{"embeddable":true,"href":"http:\/\/fmdelpueblo.ar\/index.php?rest_route=%2Fwp%2Fv2%2Fcomments&post=51517"}],"version-history":[{"count":0,"href":"http:\/\/fmdelpueblo.ar\/index.php?rest_route=\/wp\/v2\/posts\/51517\/revisions"}],"wp:attachment":[{"href":"http:\/\/fmdelpueblo.ar\/index.php?rest_route=%2Fwp%2Fv2%2Fmedia&parent=51517"}],"wp:term":[{"taxonomy":"category","embeddable":true,"href":"http:\/\/fmdelpueblo.ar\/index.php?rest_route=%2Fwp%2Fv2%2Fcategories&post=51517"},{"taxonomy":"post_tag","embeddable":true,"href":"http:\/\/fmdelpueblo.ar\/index.php?rest_route=%2Fwp%2Fv2%2Ftags&post=51517"}],"curies":[{"name":"wp","href":"https:\/\/api.w.org\/{rel}","templated":true}]}}