{"id":51516,"date":"2026-09-04T14:09:13","date_gmt":"2026-09-04T17:09:13","guid":{"rendered":"https:\/\/fmdelpueblo.ar\/?p=51516"},"modified":"2026-09-04T14:09:13","modified_gmt":"2026-09-04T17:09:13","slug":"madre-mia-el-sensacional-video-inedito-de-messi-en-la-concentracion-del-mundial-2010-que-compartio-un-ex-companero-de-la-seleccion","status":"publish","type":"post","link":"http:\/\/fmdelpueblo.ar\/?p=51516","title":{"rendered":"\u00ab\u00a1Madre m\u00eda!\u00bb: el sensacional video in\u00e9dito de Messi en la concentraci\u00f3n del Mundial 2010 que comparti\u00f3 un ex compa\u00f1ero de la Selecci\u00f3n"},"content":{"rendered":"<p>Fue en la intimidad de la Copa en Sud\u00e1frica,y lo public\u00f3 Jon\u00e1s Guti\u00e9rrez en sus redes.Leo hace jueguitos en una habitaci\u00f3n, con Maxi Rodr\u00edguez y Mart\u00edn Demichelis de testigos.<\/p>","protected":false},"excerpt":{"rendered":"<p>Fue en la intimidad de la Copa en Sud\u00e1frica,y lo public\u00f3 Jon\u00e1s Guti\u00e9rrez en sus redes.Leo hace jueguitos en una habitaci\u00f3n, con Maxi Rodr\u00edguez y Mart\u00edn Demichelis de testigos.<\/p>\n","protected":false},"author":0,"featured_media":0,"comment_status":"","ping_status":"","sticky":false,"template":"","format":"standard","meta":{"footnotes":""},"categories":[1],"tags":[],"class_list":["post-51516","post","type-post","status-publish","format-standard","has-post-thumbnail","hentry","category-sin-categoria"],"_links":{"self":[{"href":"http:\/\/fmdelpueblo.ar\/index.php?rest_route=\/wp\/v2\/posts\/51516","targetHints":{"allow":["GET"]}}],"collection":[{"href":"http:\/\/fmdelpueblo.ar\/index.php?rest_route=\/wp\/v2\/posts"}],"about":[{"href":"http:\/\/fmdelpueblo.ar\/index.php?rest_route=\/wp\/v2\/types\/post"}],"replies":[{"embeddable":true,"href":"http:\/\/fmdelpueblo.ar\/index.php?rest_route=%2Fwp%2Fv2%2Fcomments&post=51516"}],"version-history":[{"count":0,"href":"http:\/\/fmdelpueblo.ar\/index.php?rest_route=\/wp\/v2\/posts\/51516\/revisions"}],"wp:attachment":[{"href":"http:\/\/fmdelpueblo.ar\/index.php?rest_route=%2Fwp%2Fv2%2Fmedia&parent=51516"}],"wp:term":[{"taxonomy":"category","embeddable":true,"href":"http:\/\/fmdelpueblo.ar\/index.php?rest_route=%2Fwp%2Fv2%2Fcategories&post=51516"},{"taxonomy":"post_tag","embeddable":true,"href":"http:\/\/fmdelpueblo.ar\/index.php?rest_route=%2Fwp%2Fv2%2Ftags&post=51516"}],"curies":[{"name":"wp","href":"https:\/\/api.w.org\/{rel}","templated":true}]}}