{"id":51513,"date":"2026-09-04T13:09:07","date_gmt":"2026-09-04T16:09:07","guid":{"rendered":"https:\/\/fmdelpueblo.ar\/?p=51513"},"modified":"2026-09-04T13:09:07","modified_gmt":"2026-09-04T16:09:07","slug":"ge-vernova-preve-sumar-un-gigavatio-de-energia-en-venezuela-en-dos-anos-segun-ee-uu","status":"publish","type":"post","link":"http:\/\/fmdelpueblo.ar\/?p=51513","title":{"rendered":"GE Vernova prev\u00e9 sumar un gigavatio de energ\u00eda en Venezuela en dos a\u00f1os, seg\u00fan EE.UU."},"content":{"rendered":"<p>La firma estadounidense proyecta agregar un gigavatio al sistema el\u00e9ctrico venezolano en dos a\u00f1os, con cinco m\u00e1s planificados en un futuro cercano.El acuerdo incluye mejoras en generaci\u00f3n y transmisi\u00f3n, apuntando a revitalizar la infraestructura energ\u00e9tica del pa\u00eds sudamericano.<\/p>","protected":false},"excerpt":{"rendered":"<p>La firma estadounidense proyecta agregar un gigavatio al sistema el\u00e9ctrico venezolano en dos a\u00f1os, con cinco m\u00e1s planificados en un futuro cercano.El acuerdo incluye mejoras en generaci\u00f3n y transmisi\u00f3n, apuntando a revitalizar la infraestructura energ\u00e9tica del pa\u00eds sudamericano.<\/p>\n","protected":false},"author":0,"featured_media":0,"comment_status":"","ping_status":"","sticky":false,"template":"","format":"standard","meta":{"footnotes":""},"categories":[1],"tags":[],"class_list":["post-51513","post","type-post","status-publish","format-standard","has-post-thumbnail","hentry","category-sin-categoria"],"_links":{"self":[{"href":"http:\/\/fmdelpueblo.ar\/index.php?rest_route=\/wp\/v2\/posts\/51513","targetHints":{"allow":["GET"]}}],"collection":[{"href":"http:\/\/fmdelpueblo.ar\/index.php?rest_route=\/wp\/v2\/posts"}],"about":[{"href":"http:\/\/fmdelpueblo.ar\/index.php?rest_route=\/wp\/v2\/types\/post"}],"replies":[{"embeddable":true,"href":"http:\/\/fmdelpueblo.ar\/index.php?rest_route=%2Fwp%2Fv2%2Fcomments&post=51513"}],"version-history":[{"count":0,"href":"http:\/\/fmdelpueblo.ar\/index.php?rest_route=\/wp\/v2\/posts\/51513\/revisions"}],"wp:attachment":[{"href":"http:\/\/fmdelpueblo.ar\/index.php?rest_route=%2Fwp%2Fv2%2Fmedia&parent=51513"}],"wp:term":[{"taxonomy":"category","embeddable":true,"href":"http:\/\/fmdelpueblo.ar\/index.php?rest_route=%2Fwp%2Fv2%2Fcategories&post=51513"},{"taxonomy":"post_tag","embeddable":true,"href":"http:\/\/fmdelpueblo.ar\/index.php?rest_route=%2Fwp%2Fv2%2Ftags&post=51513"}],"curies":[{"name":"wp","href":"https:\/\/api.w.org\/{rel}","templated":true}]}}