{"id":515,"date":"2021-10-30T22:23:31","date_gmt":"2021-10-30T22:23:31","guid":{"rendered":"https:\/\/fmdelpueblo.ar\/?p=515"},"modified":"2021-10-30T22:23:31","modified_gmt":"2021-10-30T22:23:31","slug":"covid-19-once-provincias-ya-aplican-la-tercera-dosis-de-refuerzo","status":"publish","type":"post","link":"http:\/\/fmdelpueblo.ar\/?p=515","title":{"rendered":"Covid-19: once provincias ya aplican la tercera dosis de refuerzo"},"content":{"rendered":"<\/p>\n<p>La tercera dosis del inoculante se aplica en el sector de la poblaci\u00f3n mas fr\u00e1gil frente al coronavirus, seg\u00fan lo dispuesto por el Ministerio de Salud. Qui\u00e9nes la pueden recibir y cu\u00e1les son los requisitos. <a href=\"https:\/\/www.perfil.com\/noticias\/coronavirus\/covid-19-once-provincias-ya-aplican-tercera-dosis-refuerzo.phtml\">Leer m\u00e1s<\/a><\/p>\n","protected":false},"excerpt":{"rendered":"<p>La tercera dosis del inoculante se aplica en el sector de la poblaci\u00f3n mas fr\u00e1gil frente al coronavirus, seg\u00fan lo dispuesto por el Ministerio de Salud. Qui\u00e9nes la pueden recibir y cu\u00e1les son los requisitos. Leer m\u00e1s<\/p>\n","protected":false},"author":0,"featured_media":0,"comment_status":"","ping_status":"","sticky":false,"template":"","format":"standard","meta":{"footnotes":""},"categories":[1],"tags":[],"class_list":["post-515","post","type-post","status-publish","format-standard","hentry","category-sin-categoria"],"_links":{"self":[{"href":"http:\/\/fmdelpueblo.ar\/index.php?rest_route=\/wp\/v2\/posts\/515","targetHints":{"allow":["GET"]}}],"collection":[{"href":"http:\/\/fmdelpueblo.ar\/index.php?rest_route=\/wp\/v2\/posts"}],"about":[{"href":"http:\/\/fmdelpueblo.ar\/index.php?rest_route=\/wp\/v2\/types\/post"}],"replies":[{"embeddable":true,"href":"http:\/\/fmdelpueblo.ar\/index.php?rest_route=%2Fwp%2Fv2%2Fcomments&post=515"}],"version-history":[{"count":0,"href":"http:\/\/fmdelpueblo.ar\/index.php?rest_route=\/wp\/v2\/posts\/515\/revisions"}],"wp:attachment":[{"href":"http:\/\/fmdelpueblo.ar\/index.php?rest_route=%2Fwp%2Fv2%2Fmedia&parent=515"}],"wp:term":[{"taxonomy":"category","embeddable":true,"href":"http:\/\/fmdelpueblo.ar\/index.php?rest_route=%2Fwp%2Fv2%2Fcategories&post=515"},{"taxonomy":"post_tag","embeddable":true,"href":"http:\/\/fmdelpueblo.ar\/index.php?rest_route=%2Fwp%2Fv2%2Ftags&post=515"}],"curies":[{"name":"wp","href":"https:\/\/api.w.org\/{rel}","templated":true}]}}