{"id":51498,"date":"2026-09-04T11:09:31","date_gmt":"2026-09-04T14:09:31","guid":{"rendered":"http:\/\/fmdelpueblo.ar\/?p=51498"},"modified":"2026-09-04T11:09:31","modified_gmt":"2026-09-04T14:09:31","slug":"julian-alvarez-despues-de-la-tormenta-fue-convocado-por-atletico-de-madrid-y-simeone-le-dedico-una-fuerte-reflexion","status":"publish","type":"post","link":"http:\/\/fmdelpueblo.ar\/?p=51498","title":{"rendered":"Juli\u00e1n Alvarez, despu\u00e9s de la tormenta: fue convocado por Atl\u00e9tico de Madrid y Simeone le dedic\u00f3 una fuerte reflexi\u00f3n"},"content":{"rendered":"<p>El crack argentino vio frustrada su salida al Barcelona y debe aceptar su presente como colchonero.Vuelve a tener chances de jugar: su equipo visita al Athletic Bilbao, pero los hinchas no lo perdonan.\u00bbEs una oportunidad para ajustar situaciones de su vida\u00bb, dijo el DT, que quiere recuperarlo.<\/p>","protected":false},"excerpt":{"rendered":"<p>El crack argentino vio frustrada su salida al Barcelona y debe aceptar su presente como colchonero.Vuelve a tener chances de jugar: su equipo visita al Athletic Bilbao, pero los hinchas no lo perdonan.\u00bbEs una oportunidad para ajustar situaciones de su vida\u00bb, dijo el DT, que quiere recuperarlo.<\/p>\n","protected":false},"author":0,"featured_media":0,"comment_status":"","ping_status":"","sticky":false,"template":"","format":"standard","meta":{"footnotes":""},"categories":[1],"tags":[],"class_list":["post-51498","post","type-post","status-publish","format-standard","has-post-thumbnail","hentry","category-sin-categoria"],"_links":{"self":[{"href":"http:\/\/fmdelpueblo.ar\/index.php?rest_route=\/wp\/v2\/posts\/51498","targetHints":{"allow":["GET"]}}],"collection":[{"href":"http:\/\/fmdelpueblo.ar\/index.php?rest_route=\/wp\/v2\/posts"}],"about":[{"href":"http:\/\/fmdelpueblo.ar\/index.php?rest_route=\/wp\/v2\/types\/post"}],"replies":[{"embeddable":true,"href":"http:\/\/fmdelpueblo.ar\/index.php?rest_route=%2Fwp%2Fv2%2Fcomments&post=51498"}],"version-history":[{"count":0,"href":"http:\/\/fmdelpueblo.ar\/index.php?rest_route=\/wp\/v2\/posts\/51498\/revisions"}],"wp:attachment":[{"href":"http:\/\/fmdelpueblo.ar\/index.php?rest_route=%2Fwp%2Fv2%2Fmedia&parent=51498"}],"wp:term":[{"taxonomy":"category","embeddable":true,"href":"http:\/\/fmdelpueblo.ar\/index.php?rest_route=%2Fwp%2Fv2%2Fcategories&post=51498"},{"taxonomy":"post_tag","embeddable":true,"href":"http:\/\/fmdelpueblo.ar\/index.php?rest_route=%2Fwp%2Fv2%2Ftags&post=51498"}],"curies":[{"name":"wp","href":"https:\/\/api.w.org\/{rel}","templated":true}]}}