{"id":51496,"date":"2026-09-04T11:09:30","date_gmt":"2026-09-04T14:09:30","guid":{"rendered":"http:\/\/fmdelpueblo.ar\/?p=51496"},"modified":"2026-09-04T11:09:30","modified_gmt":"2026-09-04T14:09:30","slug":"giorgia-meloni-cumple-un-record-historico-de-cuatro-anos-de-gobierno-en-italia-logros-criticas-y-desafios-electorales","status":"publish","type":"post","link":"http:\/\/fmdelpueblo.ar\/?p=51496","title":{"rendered":"Giorgia Meloni cumple un r\u00e9cord hist\u00f3rico de cuatro a\u00f1os de gobierno en Italia: logros, cr\u00edticas y desaf\u00edos electorales"},"content":{"rendered":"<p>Es la gesti\u00f3n m\u00e1s larga de la historia republicana italiana.A pesar de las cr\u00edticas de la oposici\u00f3n, los sondeos se\u00f1alan que, si hubiera elecciones nacionales ya, la coalici\u00f3n de centroderecha liderada por Meloni triunfar\u00eda sin problemas.<\/p>","protected":false},"excerpt":{"rendered":"<p>Es la gesti\u00f3n m\u00e1s larga de la historia republicana italiana.A pesar de las cr\u00edticas de la oposici\u00f3n, los sondeos se\u00f1alan que, si hubiera elecciones nacionales ya, la coalici\u00f3n de centroderecha liderada por Meloni triunfar\u00eda sin problemas.<\/p>\n","protected":false},"author":0,"featured_media":0,"comment_status":"","ping_status":"","sticky":false,"template":"","format":"standard","meta":{"footnotes":""},"categories":[1],"tags":[],"class_list":["post-51496","post","type-post","status-publish","format-standard","has-post-thumbnail","hentry","category-sin-categoria"],"_links":{"self":[{"href":"http:\/\/fmdelpueblo.ar\/index.php?rest_route=\/wp\/v2\/posts\/51496","targetHints":{"allow":["GET"]}}],"collection":[{"href":"http:\/\/fmdelpueblo.ar\/index.php?rest_route=\/wp\/v2\/posts"}],"about":[{"href":"http:\/\/fmdelpueblo.ar\/index.php?rest_route=\/wp\/v2\/types\/post"}],"replies":[{"embeddable":true,"href":"http:\/\/fmdelpueblo.ar\/index.php?rest_route=%2Fwp%2Fv2%2Fcomments&post=51496"}],"version-history":[{"count":0,"href":"http:\/\/fmdelpueblo.ar\/index.php?rest_route=\/wp\/v2\/posts\/51496\/revisions"}],"wp:attachment":[{"href":"http:\/\/fmdelpueblo.ar\/index.php?rest_route=%2Fwp%2Fv2%2Fmedia&parent=51496"}],"wp:term":[{"taxonomy":"category","embeddable":true,"href":"http:\/\/fmdelpueblo.ar\/index.php?rest_route=%2Fwp%2Fv2%2Fcategories&post=51496"},{"taxonomy":"post_tag","embeddable":true,"href":"http:\/\/fmdelpueblo.ar\/index.php?rest_route=%2Fwp%2Fv2%2Ftags&post=51496"}],"curies":[{"name":"wp","href":"https:\/\/api.w.org\/{rel}","templated":true}]}}