{"id":51495,"date":"2026-09-04T11:09:29","date_gmt":"2026-09-04T14:09:29","guid":{"rendered":"http:\/\/fmdelpueblo.ar\/?p=51495"},"modified":"2026-09-04T11:09:29","modified_gmt":"2026-09-04T14:09:29","slug":"mas-de-120-muertos-en-la-ofensiva-de-rebeldes-de-yemen-cerca-de-estrecho-clave-en-el-mar-rojo","status":"publish","type":"post","link":"http:\/\/fmdelpueblo.ar\/?p=51495","title":{"rendered":"M\u00e1s de 120 muertos en la ofensiva de rebeldes de Yemen cerca de estrecho clave en el mar Rojo"},"content":{"rendered":"<p>Los enfrentamientos en Yemen entre fuerzas oficiales y rebeldes han dejado m\u00e1s de 120 muertos, tras una ofensiva cerca del Bab el Mandeb.Los hut\u00edes, aliados de Teher\u00e1n, buscan controlar \u00e1reas clave en el mar Rojo, intensificando ataques desde la ruptura de la tregua en julio.<\/p>","protected":false},"excerpt":{"rendered":"<p>Los enfrentamientos en Yemen entre fuerzas oficiales y rebeldes han dejado m\u00e1s de 120 muertos, tras una ofensiva cerca del Bab el Mandeb.Los hut\u00edes, aliados de Teher\u00e1n, buscan controlar \u00e1reas clave en el mar Rojo, intensificando ataques desde la ruptura de la tregua en julio.<\/p>\n","protected":false},"author":0,"featured_media":0,"comment_status":"","ping_status":"","sticky":false,"template":"","format":"standard","meta":{"footnotes":""},"categories":[1],"tags":[],"class_list":["post-51495","post","type-post","status-publish","format-standard","has-post-thumbnail","hentry","category-sin-categoria"],"_links":{"self":[{"href":"http:\/\/fmdelpueblo.ar\/index.php?rest_route=\/wp\/v2\/posts\/51495","targetHints":{"allow":["GET"]}}],"collection":[{"href":"http:\/\/fmdelpueblo.ar\/index.php?rest_route=\/wp\/v2\/posts"}],"about":[{"href":"http:\/\/fmdelpueblo.ar\/index.php?rest_route=\/wp\/v2\/types\/post"}],"replies":[{"embeddable":true,"href":"http:\/\/fmdelpueblo.ar\/index.php?rest_route=%2Fwp%2Fv2%2Fcomments&post=51495"}],"version-history":[{"count":0,"href":"http:\/\/fmdelpueblo.ar\/index.php?rest_route=\/wp\/v2\/posts\/51495\/revisions"}],"wp:attachment":[{"href":"http:\/\/fmdelpueblo.ar\/index.php?rest_route=%2Fwp%2Fv2%2Fmedia&parent=51495"}],"wp:term":[{"taxonomy":"category","embeddable":true,"href":"http:\/\/fmdelpueblo.ar\/index.php?rest_route=%2Fwp%2Fv2%2Fcategories&post=51495"},{"taxonomy":"post_tag","embeddable":true,"href":"http:\/\/fmdelpueblo.ar\/index.php?rest_route=%2Fwp%2Fv2%2Ftags&post=51495"}],"curies":[{"name":"wp","href":"https:\/\/api.w.org\/{rel}","templated":true}]}}