{"id":51493,"date":"2026-09-04T11:09:28","date_gmt":"2026-09-04T14:09:28","guid":{"rendered":"http:\/\/fmdelpueblo.ar\/?p=51493"},"modified":"2026-09-04T11:09:28","modified_gmt":"2026-09-04T14:09:28","slug":"samba-el-capibara-fugitivo-aparecio-con-vida-cinco-meses-despues-de-escapar-de-un-zoologico-sobrevivio-en-cursos-de-agua-todo-este-tiempo","status":"publish","type":"post","link":"http:\/\/fmdelpueblo.ar\/?p=51493","title":{"rendered":"Samba, el \u00abcapibara fugitivo\u00bb, apareci\u00f3 con vida cinco meses despu\u00e9s de escapar de un zool\u00f3gico: \u00abSobrevivi\u00f3 en cursos de agua todo este tiempo\u00bb"},"content":{"rendered":"<p>El roedor se escap\u00f3 en marzo y se despleg\u00f3 una b\u00fasqueda sin precedentes para que se reencontrara con su hermana Tango.Se movilizaron drones t\u00e9rmicos, c\u00e1maras trampa y toda una ciudad colabor\u00f3: la primera foto que confirma que sigue con vida.<\/p>","protected":false},"excerpt":{"rendered":"<p>El roedor se escap\u00f3 en marzo y se despleg\u00f3 una b\u00fasqueda sin precedentes para que se reencontrara con su hermana Tango.Se movilizaron drones t\u00e9rmicos, c\u00e1maras trampa y toda una ciudad colabor\u00f3: la primera foto que confirma que sigue con vida.<\/p>\n","protected":false},"author":0,"featured_media":0,"comment_status":"","ping_status":"","sticky":false,"template":"","format":"standard","meta":{"footnotes":""},"categories":[1],"tags":[],"class_list":["post-51493","post","type-post","status-publish","format-standard","has-post-thumbnail","hentry","category-sin-categoria"],"_links":{"self":[{"href":"http:\/\/fmdelpueblo.ar\/index.php?rest_route=\/wp\/v2\/posts\/51493","targetHints":{"allow":["GET"]}}],"collection":[{"href":"http:\/\/fmdelpueblo.ar\/index.php?rest_route=\/wp\/v2\/posts"}],"about":[{"href":"http:\/\/fmdelpueblo.ar\/index.php?rest_route=\/wp\/v2\/types\/post"}],"replies":[{"embeddable":true,"href":"http:\/\/fmdelpueblo.ar\/index.php?rest_route=%2Fwp%2Fv2%2Fcomments&post=51493"}],"version-history":[{"count":0,"href":"http:\/\/fmdelpueblo.ar\/index.php?rest_route=\/wp\/v2\/posts\/51493\/revisions"}],"wp:attachment":[{"href":"http:\/\/fmdelpueblo.ar\/index.php?rest_route=%2Fwp%2Fv2%2Fmedia&parent=51493"}],"wp:term":[{"taxonomy":"category","embeddable":true,"href":"http:\/\/fmdelpueblo.ar\/index.php?rest_route=%2Fwp%2Fv2%2Fcategories&post=51493"},{"taxonomy":"post_tag","embeddable":true,"href":"http:\/\/fmdelpueblo.ar\/index.php?rest_route=%2Fwp%2Fv2%2Ftags&post=51493"}],"curies":[{"name":"wp","href":"https:\/\/api.w.org\/{rel}","templated":true}]}}